{"id":61314,"date":"2025-10-05T09:53:01","date_gmt":"2025-10-05T12:53:01","guid":{"rendered":"https:\/\/elurbanoweb.com.ar\/diario\/?p=61314"},"modified":"2025-10-05T09:53:01","modified_gmt":"2025-10-05T12:53:01","slug":"la-intendente-fuentes-participo-del-encuentro-de-concientizacion-para-el-cuidado-de-mascotas-en-el-parque-sur","status":"publish","type":"post","link":"http:\/\/elurbanoweb.com.ar\/diario\/la-intendente-fuentes-participo-del-encuentro-de-concientizacion-para-el-cuidado-de-mascotas-en-el-parque-sur\/","title":{"rendered":"La Intendente Fuentes particip\u00f3 del Encuentro de Concientizaci\u00f3n para el cuidado de mascotas en el Parque Sur"},"content":{"rendered":"<p>La Intendente Ing. Norma Fuentes particip\u00f3 del Encuentro de Concientizaci\u00f3n del Cuidado de Mascotas 2025 con diferentes asociaciones proteccionistas de animales en el Parque Sur.<\/p>\n<p><img loading=\"lazy\" decoding=\"async\" class=\"alignnone wp-image-61315 size-large\" src=\"http:\/\/elurbanoweb.com.ar\/diario\/wp-content\/uploads\/2025\/10\/mascotas-1024x719.jpg\" alt=\"\" width=\"1024\" height=\"719\" srcset=\"http:\/\/elurbanoweb.com.ar\/diario\/wp-content\/uploads\/2025\/10\/mascotas-1024x719.jpg 1024w, http:\/\/elurbanoweb.com.ar\/diario\/wp-content\/uploads\/2025\/10\/mascotas-300x210.jpg 300w, http:\/\/elurbanoweb.com.ar\/diario\/wp-content\/uploads\/2025\/10\/mascotas-150x105.jpg 150w, http:\/\/elurbanoweb.com.ar\/diario\/wp-content\/uploads\/2025\/10\/mascotas-1536x1078.jpg 1536w, http:\/\/elurbanoweb.com.ar\/diario\/wp-content\/uploads\/2025\/10\/mascotas.jpg 2048w\" sizes=\"auto, (max-width: 1024px) 100vw, 1024px\" \/><\/p>\n<p><!--more--> Acompa\u00f1ada por una gran cantidad de vecinos junto a sus mascotas, la jefa comunal recorri\u00f3 el espacio verde, donde dialog\u00f3 con los organizadores y referentes del encuentro y con los emprendedores que pudieron ofrecer sus productos destinados a la alimentaci\u00f3n y el bienestar de los animales.<\/p>\n<p>Junto a la Ing. Fuentes estuvieron el Secretario de Gobierno N\u00e9stor Machado, el Director de Desarrollo Social Fernando Zelaya y la Coordinadora del Programa de Zoonosis y Tenencia Responsable, Alejandra P\u00e9rez.<\/p>\n<p>Recibi\u00f3 de parte de las entidades un reconocimiento \u201cpor su valiosa gesti\u00f3n y ayuda constante en la concientizaci\u00f3n sobre el cuidado responsable de las mascotas\u201d.<\/p>\n<p>All\u00ed la Intendente destac\u00f3 que \u201cEs una enorme alegr\u00eda ver \u00e9ste Parque Sur lleno de familias, proteccionistas y emprendedores al Polaco con el Montecito de los Canichones que coordinan estas actividades y nosotros como estado acompa\u00f1amos con pol\u00edticas p\u00fablicas, con la prevenci\u00f3n que salva vida de los animales\u201d.<\/p>\n<p>Asimismo, destac\u00f3 la importancia de la castraci\u00f3n, el tener animales cuidados y protegidos \u201cno queremos una sociedad que agreda que ofenda a los animales sino que los cuide\u201d.<\/p>\n<p>Cabe destacar que, durante la jornada, se realizaron actividades de recreaci\u00f3n y encuentro de las familias, charlas de concientizaci\u00f3n, juegos, sorteos, desfiles y shows en vivo que finaliz\u00f3 con la presentaci\u00f3n de Dany Hoyos y la Pasi\u00f3n santiague\u00f1a.<\/p>\n","protected":false},"excerpt":{"rendered":"<p>La Intendente Ing. Norma Fuentes particip\u00f3 del Encuentro de Concientizaci\u00f3n del Cuidado de Mascotas 2025 con diferentes asociaciones proteccionistas de animales en el Parque Sur.<\/p>\n","protected":false},"author":1,"featured_media":61315,"comment_status":"closed","ping_status":"closed","sticky":false,"template":"","format":"standard","meta":{"footnotes":""},"categories":[3],"tags":[],"class_list":["post-61314","post","type-post","status-publish","format-standard","has-post-thumbnail","hentry","category-municipio"],"_links":{"self":[{"href":"http:\/\/elurbanoweb.com.ar\/diario\/wp-json\/wp\/v2\/posts\/61314","targetHints":{"allow":["GET"]}}],"collection":[{"href":"http:\/\/elurbanoweb.com.ar\/diario\/wp-json\/wp\/v2\/posts"}],"about":[{"href":"http:\/\/elurbanoweb.com.ar\/diario\/wp-json\/wp\/v2\/types\/post"}],"author":[{"embeddable":true,"href":"http:\/\/elurbanoweb.com.ar\/diario\/wp-json\/wp\/v2\/users\/1"}],"replies":[{"embeddable":true,"href":"http:\/\/elurbanoweb.com.ar\/diario\/wp-json\/wp\/v2\/comments?post=61314"}],"version-history":[{"count":1,"href":"http:\/\/elurbanoweb.com.ar\/diario\/wp-json\/wp\/v2\/posts\/61314\/revisions"}],"predecessor-version":[{"id":61316,"href":"http:\/\/elurbanoweb.com.ar\/diario\/wp-json\/wp\/v2\/posts\/61314\/revisions\/61316"}],"wp:featuredmedia":[{"embeddable":true,"href":"http:\/\/elurbanoweb.com.ar\/diario\/wp-json\/wp\/v2\/media\/61315"}],"wp:attachment":[{"href":"http:\/\/elurbanoweb.com.ar\/diario\/wp-json\/wp\/v2\/media?parent=61314"}],"wp:term":[{"taxonomy":"category","embeddable":true,"href":"http:\/\/elurbanoweb.com.ar\/diario\/wp-json\/wp\/v2\/categories?post=61314"},{"taxonomy":"post_tag","embeddable":true,"href":"http:\/\/elurbanoweb.com.ar\/diario\/wp-json\/wp\/v2\/tags?post=61314"}],"curies":[{"name":"wp","href":"https:\/\/api.w.org\/{rel}","templated":true}]}}