{"id":61573,"date":"2025-10-11T10:27:35","date_gmt":"2025-10-11T13:27:35","guid":{"rendered":"https:\/\/elurbanoweb.com.ar\/diario\/?p=61573"},"modified":"2025-10-11T10:27:35","modified_gmt":"2025-10-11T13:27:35","slug":"neder-cada-vez-endeudan-mas-al-pais-y-se-lo-van-a-hacer-pagar-al-pueblo-quitando-derechos","status":"publish","type":"post","link":"http:\/\/elurbanoweb.com.ar\/diario\/neder-cada-vez-endeudan-mas-al-pais-y-se-lo-van-a-hacer-pagar-al-pueblo-quitando-derechos\/","title":{"rendered":"Neder: \u201cCada vez endeudan m\u00e1s al pa\u00eds, y se lo van a hacer pagar al pueblo quitando derechos\u201d"},"content":{"rendered":"<p>El senador nacional encabez\u00f3 un plenario de Fuerza Patria Peronista en Monte Quemado, departamento Copo.<\/p>\n<p><img loading=\"lazy\" decoding=\"async\" class=\"alignnone wp-image-61574 size-full\" src=\"http:\/\/elurbanoweb.com.ar\/diario\/wp-content\/uploads\/2025\/10\/copo.jpg\" alt=\"\" width=\"1010\" height=\"567\" srcset=\"http:\/\/elurbanoweb.com.ar\/diario\/wp-content\/uploads\/2025\/10\/copo.jpg 1010w, http:\/\/elurbanoweb.com.ar\/diario\/wp-content\/uploads\/2025\/10\/copo-300x168.jpg 300w, http:\/\/elurbanoweb.com.ar\/diario\/wp-content\/uploads\/2025\/10\/copo-150x84.jpg 150w\" sizes=\"auto, (max-width: 1010px) 100vw, 1010px\" \/><\/p>\n<p><!--more--><\/p>\n<p>Fuerza Patria Peronista realiz\u00f3 este viernes un multitudinario plenario en Monte Quemado -cabecera del departamento Copo-, llevado a cabo en el Sal\u00f3n Atira, encabezado por el candidato a senador nacional Jos\u00e9 Emilio Neder, junto a los candidatos a diputados provinciales Gerardo Montenegro, Nora Mercado y Carlos Hazam, entre otros.<\/p>\n<p>La apertura estuvo a cargo de Hazam, que agradeci\u00f3 \u201cla masiva presencia y respaldo\u201d. Luego Gerardo Montenegro puntualiz\u00f3: \u201ceste gobierno nacional ve a los trabajadores, a los jubilados y a los discapacitados como un problema. La fuerza del peronismo en las urnas va a detener la maldad de Milei\u201d.<\/p>\n<p>El mensaje central lo brind\u00f3 \u201cPich\u00f3n\u201d Neder: \u201cCada vez que gobierna el pa\u00eds la derecha, la gente la pasa mal. Es cierto que tuvimos errores los peronistas, pero nunca desfinanciar la salud y la universidad p\u00fablica, nunca quitarle los remedios a los jubilados ni las pensiones a los discapacitados. Solamente alguien con una conciencia cruel, y que le importe nada de la gente, puede hacer semejante cosa como hizo este personaje de presidente\u201d, se\u00f1al\u00f3.<\/p>\n<p>\u201cYo me pregunto: \u00bfestos que gobiernan la Naci\u00f3n, para qui\u00e9n gobiernan? Aqu\u00ed en Monte Quemado, cuando gobernaba el peronismo vinieron ministros nacionales a inaugurar obras como Centro Integrador Comunitario, Colegio, etc. \u00bfAlguien cree que a los que est\u00e1n ahora le importa algo de Monte Quemado, o que piensan hacer alg\u00fan proyecto de infraestructura para esta regi\u00f3n?\u201d, fustig\u00f3.<\/p>\n<p>\u201cCada vez endeudan m\u00e1s al pa\u00eds, y esa cuenta se la van a hacer pagar al pueblo. \u00bfC\u00f3mo creen que piensan hacerlo? Muy simple: quitando cada d\u00eda m\u00e1s derechos. Pero aqu\u00ed estamos los peronistas para militar con dignidad y respeto, con compromiso y solidaridad construyendo con el que tenemos al lado una alternativa superadora a ese odio que no sirve m\u00e1s que para destruir, que no lleva a nada bueno. Que suene el escarmiento de las urnas este 26 de octubre. Muchas gracias por el afecto y la efusividad, hasta el triunfo\u201d, concluy\u00f3.<\/p>\n","protected":false},"excerpt":{"rendered":"<p>El senador nacional encabez\u00f3 un plenario de Fuerza Patria Peronista en Monte Quemado, departamento Copo.<\/p>\n","protected":false},"author":1,"featured_media":61574,"comment_status":"closed","ping_status":"closed","sticky":false,"template":"","format":"standard","meta":{"footnotes":""},"categories":[10],"tags":[],"class_list":["post-61573","post","type-post","status-publish","format-standard","has-post-thumbnail","hentry","category-interior"],"_links":{"self":[{"href":"http:\/\/elurbanoweb.com.ar\/diario\/wp-json\/wp\/v2\/posts\/61573","targetHints":{"allow":["GET"]}}],"collection":[{"href":"http:\/\/elurbanoweb.com.ar\/diario\/wp-json\/wp\/v2\/posts"}],"about":[{"href":"http:\/\/elurbanoweb.com.ar\/diario\/wp-json\/wp\/v2\/types\/post"}],"author":[{"embeddable":true,"href":"http:\/\/elurbanoweb.com.ar\/diario\/wp-json\/wp\/v2\/users\/1"}],"replies":[{"embeddable":true,"href":"http:\/\/elurbanoweb.com.ar\/diario\/wp-json\/wp\/v2\/comments?post=61573"}],"version-history":[{"count":1,"href":"http:\/\/elurbanoweb.com.ar\/diario\/wp-json\/wp\/v2\/posts\/61573\/revisions"}],"predecessor-version":[{"id":61575,"href":"http:\/\/elurbanoweb.com.ar\/diario\/wp-json\/wp\/v2\/posts\/61573\/revisions\/61575"}],"wp:featuredmedia":[{"embeddable":true,"href":"http:\/\/elurbanoweb.com.ar\/diario\/wp-json\/wp\/v2\/media\/61574"}],"wp:attachment":[{"href":"http:\/\/elurbanoweb.com.ar\/diario\/wp-json\/wp\/v2\/media?parent=61573"}],"wp:term":[{"taxonomy":"category","embeddable":true,"href":"http:\/\/elurbanoweb.com.ar\/diario\/wp-json\/wp\/v2\/categories?post=61573"},{"taxonomy":"post_tag","embeddable":true,"href":"http:\/\/elurbanoweb.com.ar\/diario\/wp-json\/wp\/v2\/tags?post=61573"}],"curies":[{"name":"wp","href":"https:\/\/api.w.org\/{rel}","templated":true}]}}