{"id":61695,"date":"2025-10-15T09:15:32","date_gmt":"2025-10-15T12:15:32","guid":{"rendered":"https:\/\/elurbanoweb.com.ar\/diario\/?p=61695"},"modified":"2025-10-15T09:15:32","modified_gmt":"2025-10-15T12:15:32","slug":"obras-publicas-de-la-municipalidad-trabaja-en-forma-simultanea-en-la-limpieza-de-cuatro-desagues-pluviales","status":"publish","type":"post","link":"http:\/\/elurbanoweb.com.ar\/diario\/obras-publicas-de-la-municipalidad-trabaja-en-forma-simultanea-en-la-limpieza-de-cuatro-desagues-pluviales\/","title":{"rendered":"Obras P\u00fablicas de la Municipalidad trabaja en forma simult\u00e1nea en la limpieza de cuatro desag\u00fces pluviales"},"content":{"rendered":"<p>La Direcci\u00f3n de Obras P\u00fablicas de la Capital lleva adelante tareas simult\u00e1neas de limpieza en los desag\u00fces de la zona sur oeste de la ciudad, en el marco del plan de mantenimiento que busca garantizar el normal funcionamiento del sistema de drenaje y escurrimiento del agua.<\/p>\n<p><img loading=\"lazy\" decoding=\"async\" class=\"alignnone wp-image-61696 size-full\" src=\"http:\/\/elurbanoweb.com.ar\/diario\/wp-content\/uploads\/2025\/10\/pluvial3.jpg\" alt=\"\" width=\"1010\" height=\"567\" srcset=\"http:\/\/elurbanoweb.com.ar\/diario\/wp-content\/uploads\/2025\/10\/pluvial3.jpg 1010w, http:\/\/elurbanoweb.com.ar\/diario\/wp-content\/uploads\/2025\/10\/pluvial3-300x168.jpg 300w, http:\/\/elurbanoweb.com.ar\/diario\/wp-content\/uploads\/2025\/10\/pluvial3-150x84.jpg 150w\" sizes=\"auto, (max-width: 1010px) 100vw, 1010px\" \/><\/p>\n<p><!--more--><\/p>\n<p>Los operarios intervienen en el canal ubicado sobre la calle Pedro Gonz\u00e1lez del barrio Campo Contreras, entre Lugones y Avda. del Trabajo, de donde se recolectaron gran cantidad de residuos domiciliarios y restos de poda.<\/p>\n<p>Adem\u00e1s, se hace lo propio en la Avda. del Trabajo y Sol\u00eds hacia el sur; y en la Avda. Col\u00f3n a la altura del barrio Ej\u00e9rcito Argentino, desde calle 51 hasta 69; con la utilizaci\u00f3n de retroexcavadoras, camiones y otras m\u00e1quinas pesadas.<\/p>\n<p>El personal operativo tambi\u00e9n trabaja en el Desag\u00fce Principal Sur, donde desembocan la mayor\u00eda de los canales de la zona, de all\u00ed se retiran algas, sedimentos y otros elementos.<\/p>\n<p>Cabe destacar que, a lo largo del corriente a\u00f1o, se van limpiando m\u00e1s de 28.600 metros lineales de desag\u00fces pluviales a cielo abierto ubicados en todos los barrios de la ciudad.<\/p>\n","protected":false},"excerpt":{"rendered":"<p>La Direcci\u00f3n de Obras P\u00fablicas de la Capital lleva adelante tareas simult\u00e1neas de limpieza en los desag\u00fces de la zona sur oeste de la ciudad, en el marco del plan&hellip; <\/p>\n","protected":false},"author":1,"featured_media":61696,"comment_status":"closed","ping_status":"closed","sticky":false,"template":"","format":"standard","meta":{"footnotes":""},"categories":[3],"tags":[],"class_list":["post-61695","post","type-post","status-publish","format-standard","has-post-thumbnail","hentry","category-municipio"],"_links":{"self":[{"href":"http:\/\/elurbanoweb.com.ar\/diario\/wp-json\/wp\/v2\/posts\/61695","targetHints":{"allow":["GET"]}}],"collection":[{"href":"http:\/\/elurbanoweb.com.ar\/diario\/wp-json\/wp\/v2\/posts"}],"about":[{"href":"http:\/\/elurbanoweb.com.ar\/diario\/wp-json\/wp\/v2\/types\/post"}],"author":[{"embeddable":true,"href":"http:\/\/elurbanoweb.com.ar\/diario\/wp-json\/wp\/v2\/users\/1"}],"replies":[{"embeddable":true,"href":"http:\/\/elurbanoweb.com.ar\/diario\/wp-json\/wp\/v2\/comments?post=61695"}],"version-history":[{"count":1,"href":"http:\/\/elurbanoweb.com.ar\/diario\/wp-json\/wp\/v2\/posts\/61695\/revisions"}],"predecessor-version":[{"id":61697,"href":"http:\/\/elurbanoweb.com.ar\/diario\/wp-json\/wp\/v2\/posts\/61695\/revisions\/61697"}],"wp:featuredmedia":[{"embeddable":true,"href":"http:\/\/elurbanoweb.com.ar\/diario\/wp-json\/wp\/v2\/media\/61696"}],"wp:attachment":[{"href":"http:\/\/elurbanoweb.com.ar\/diario\/wp-json\/wp\/v2\/media?parent=61695"}],"wp:term":[{"taxonomy":"category","embeddable":true,"href":"http:\/\/elurbanoweb.com.ar\/diario\/wp-json\/wp\/v2\/categories?post=61695"},{"taxonomy":"post_tag","embeddable":true,"href":"http:\/\/elurbanoweb.com.ar\/diario\/wp-json\/wp\/v2\/tags?post=61695"}],"curies":[{"name":"wp","href":"https:\/\/api.w.org\/{rel}","templated":true}]}}