{"id":61701,"date":"2025-10-15T09:19:20","date_gmt":"2025-10-15T12:19:20","guid":{"rendered":"https:\/\/elurbanoweb.com.ar\/diario\/?p=61701"},"modified":"2025-10-15T09:19:20","modified_gmt":"2025-10-15T12:19:20","slug":"el-concejo-deliberante-de-fernandez-distinguio-a-jovenes-destacados","status":"publish","type":"post","link":"http:\/\/elurbanoweb.com.ar\/diario\/el-concejo-deliberante-de-fernandez-distinguio-a-jovenes-destacados\/","title":{"rendered":"El Concejo Deliberante de Fern\u00e1ndez distingui\u00f3 a J\u00f3venes Destacados"},"content":{"rendered":"<p>En virtud de la ordenanza N\u00ba 857\/11 que establece el otorgamiento de la distinci\u00f3n de \u00abJoven destacado\u00bb del a\u00f1o por parte del Honorable Concejo Deliberante de la ciudad de Fern\u00e1ndez, en base a propuestas elevadas por distintas instituciones, se realiz\u00f3 anoche la sesi\u00f3n ordinaria mediante la cual se procedi\u00f3 a cumplir con esta normativa vigente.<\/p>\n<p><img loading=\"lazy\" decoding=\"async\" class=\"alignnone wp-image-61702 size-full\" src=\"http:\/\/elurbanoweb.com.ar\/diario\/wp-content\/uploads\/2025\/10\/distingio.jpg\" alt=\"\" width=\"1010\" height=\"567\" srcset=\"http:\/\/elurbanoweb.com.ar\/diario\/wp-content\/uploads\/2025\/10\/distingio.jpg 1010w, http:\/\/elurbanoweb.com.ar\/diario\/wp-content\/uploads\/2025\/10\/distingio-300x168.jpg 300w, http:\/\/elurbanoweb.com.ar\/diario\/wp-content\/uploads\/2025\/10\/distingio-150x84.jpg 150w\" sizes=\"auto, (max-width: 1010px) 100vw, 1010px\" \/><\/p>\n<p><!--more--><\/p>\n<p>Este a\u00f1o la distinci\u00f3n de \u00abJoven destacado\u00bb fue para la joven Sof\u00eda Orellana, quien fuera postulada por la Escuela \u00abFern\u00e1ndez Pat\u00edn\u00bb.<\/p>\n<p>Tambi\u00e9n fueron otorgadas las menciones especiales a los j\u00f3venes propuestos por distintas instituciones:<\/p>\n<p>&#8211; Luis Alejandro Coronel &#8211; Rotary Club Fern\u00e1ndez.<\/p>\n<p>&#8211; Guadalupe Roc\u00edo Montes &#8211; Escuela de Karate \u00abDojo Loto Kai\u00bb<\/p>\n<p>&#8211; Ayel\u00e9n Milagros Araujo &#8211; Colegio \u00abMadre Tierra\u00bb.<\/p>\n<p>&#8211; Leonel Benjam\u00edn Zapata &#8211; Escuela \u00abMaximio S. Victoria\u00bb.<\/p>\n<p>&#8211; Iago Alejandro Ibarra Ru\u00edz &#8211; Instituto Nuestra Se\u00f1ora del Rosario.<\/p>\n<p>&#8211; Irina Chacana Battan &#8211; Escuela T\u00e9cnica N\u00ba 12.<\/p>\n<p>&#8211; Nazareno Daniel I\u00f1iguez &#8211; Fern\u00e1ndez B\u00e1ssquetbol Club.<\/p>\n<p>&#8211; Walter Salvador Magri &#8211; Escuela Deportiva Miguel Cortijo.<\/p>\n<p>Asimismo, las autoridades hicieron entrega de los diplomas destacando el compromiso de las instituciones participantes.<\/p>\n<p>La sesi\u00f3n estuvo presidida por la presidenta del cuerpo CPN Gladis Yanina Iturre y cont\u00f3 con la presencia del intendente de la ciudad Dr. V\u00edctor Araujo; concejales, representantes de las instituciones y familiares de los postulados.<\/p>\n","protected":false},"excerpt":{"rendered":"<p>En virtud de la ordenanza N\u00ba 857\/11 que establece el otorgamiento de la distinci\u00f3n de \u00abJoven destacado\u00bb del a\u00f1o por parte del Honorable Concejo Deliberante de la ciudad de Fern\u00e1ndez,&hellip; <\/p>\n","protected":false},"author":1,"featured_media":61702,"comment_status":"closed","ping_status":"closed","sticky":false,"template":"","format":"standard","meta":{"footnotes":""},"categories":[10],"tags":[],"class_list":["post-61701","post","type-post","status-publish","format-standard","has-post-thumbnail","hentry","category-interior"],"_links":{"self":[{"href":"http:\/\/elurbanoweb.com.ar\/diario\/wp-json\/wp\/v2\/posts\/61701","targetHints":{"allow":["GET"]}}],"collection":[{"href":"http:\/\/elurbanoweb.com.ar\/diario\/wp-json\/wp\/v2\/posts"}],"about":[{"href":"http:\/\/elurbanoweb.com.ar\/diario\/wp-json\/wp\/v2\/types\/post"}],"author":[{"embeddable":true,"href":"http:\/\/elurbanoweb.com.ar\/diario\/wp-json\/wp\/v2\/users\/1"}],"replies":[{"embeddable":true,"href":"http:\/\/elurbanoweb.com.ar\/diario\/wp-json\/wp\/v2\/comments?post=61701"}],"version-history":[{"count":1,"href":"http:\/\/elurbanoweb.com.ar\/diario\/wp-json\/wp\/v2\/posts\/61701\/revisions"}],"predecessor-version":[{"id":61703,"href":"http:\/\/elurbanoweb.com.ar\/diario\/wp-json\/wp\/v2\/posts\/61701\/revisions\/61703"}],"wp:featuredmedia":[{"embeddable":true,"href":"http:\/\/elurbanoweb.com.ar\/diario\/wp-json\/wp\/v2\/media\/61702"}],"wp:attachment":[{"href":"http:\/\/elurbanoweb.com.ar\/diario\/wp-json\/wp\/v2\/media?parent=61701"}],"wp:term":[{"taxonomy":"category","embeddable":true,"href":"http:\/\/elurbanoweb.com.ar\/diario\/wp-json\/wp\/v2\/categories?post=61701"},{"taxonomy":"post_tag","embeddable":true,"href":"http:\/\/elurbanoweb.com.ar\/diario\/wp-json\/wp\/v2\/tags?post=61701"}],"curies":[{"name":"wp","href":"https:\/\/api.w.org\/{rel}","templated":true}]}}