{"id":61780,"date":"2025-10-17T09:57:10","date_gmt":"2025-10-17T12:57:10","guid":{"rendered":"https:\/\/elurbanoweb.com.ar\/diario\/?p=61780"},"modified":"2025-10-17T09:57:10","modified_gmt":"2025-10-17T12:57:10","slug":"el-gobierno-de-la-provincia-entrego-indumentaria-a-clubes-que-participaron-del-torneo-regional-federal-amateur-de-futbol","status":"publish","type":"post","link":"http:\/\/elurbanoweb.com.ar\/diario\/el-gobierno-de-la-provincia-entrego-indumentaria-a-clubes-que-participaron-del-torneo-regional-federal-amateur-de-futbol\/","title":{"rendered":"El Gobierno de la Provincia entreg\u00f3 indumentaria a clubes que participaron del Torneo Regional Federal Amateur de F\u00fatbol"},"content":{"rendered":"<p>El secretario de Deportes, Carlos Dapello, hizo entrega de indumentaria deportiva y auspicio publicitario a los 20 clubes santiague\u00f1os que participar\u00e1n en el Torneo Regional Federal Amateur de F\u00fatbol.<\/p>\n<p><img loading=\"lazy\" decoding=\"async\" class=\"alignnone wp-image-61781 size-large\" src=\"http:\/\/elurbanoweb.com.ar\/diario\/wp-content\/uploads\/2025\/10\/camisetas-1024x681.jpg\" alt=\"\" width=\"1024\" height=\"681\" srcset=\"http:\/\/elurbanoweb.com.ar\/diario\/wp-content\/uploads\/2025\/10\/camisetas-1024x681.jpg 1024w, http:\/\/elurbanoweb.com.ar\/diario\/wp-content\/uploads\/2025\/10\/camisetas-300x200.jpg 300w, http:\/\/elurbanoweb.com.ar\/diario\/wp-content\/uploads\/2025\/10\/camisetas-150x100.jpg 150w, http:\/\/elurbanoweb.com.ar\/diario\/wp-content\/uploads\/2025\/10\/camisetas-1536x1022.jpg 1536w, http:\/\/elurbanoweb.com.ar\/diario\/wp-content\/uploads\/2025\/10\/camisetas-2048x1362.jpg 2048w\" sizes=\"auto, (max-width: 1024px) 100vw, 1024px\" \/><\/p>\n<p><!--more--><\/p>\n<p>La ceremonia se llev\u00f3 a cabo en el F\u00f3rum Centro de Convenciones, donde tambi\u00e9n estuvo el vicepresidente de la Federaci\u00f3n Santiague\u00f1a de F\u00fatbol, Francisco Pece, y los representantes de las instituciones beneficiadas.<\/p>\n<p>Los clubes que representar\u00e1n a Santiago del Estero en el pr\u00f3ximo Torneo Regional Federal Amateur son: Central Argentino, V\u00e9lez de San Ram\u00f3n, Agua y Energ\u00eda, Comercio Central Unidos y Uni\u00f3n Santiago (Liga Santiague\u00f1a); Club Atl\u00e9tico Atoj Pozo (Liga Loretana); Central C\u00f3rdoba (Liga Friense), Argentinos y Deportivo R\u00edo Dulce (L. Termense); Ensenada, Talleres y Sportivo Comercio (L. Quimilense); Asociaci\u00f3n Civil Talleres y F\u00fatbol Infantil Diego Armando (Liga del Noroeste); Defensores y Salamanca (L. Cope\u00f1a); Atl\u00e9tico Ica\u00f1o (L. A\u00f1atuyense), Asociaci\u00f3n Social y Deportiva los Verdes F\u00fatbol Club y Atl\u00e9tico Gramilla (L. Pellegrinense) y Dos Leones de Fr\u00edas (Federaci\u00f3n).<\/p>\n<p>En este marco, el secretario de Deportes transmiti\u00f3 a los dirigentes de los clubes el afectuoso saludo del gobernador y del Jefe de Gabinete, El\u00edas Suarez. \u201cEsto viene a coronar un a\u00f1o brillante de la pol\u00edtica deportiva que lleva adelante nuestro gobernador, pese a la dur\u00edsima situaci\u00f3n econ\u00f3mica que el Gobierno nacional est\u00e1 imprimiendo y pese al recorte que han sufrido las provincias\u201d, destac\u00f3.<\/p>\n<p>A su turno, Pece, en nombre de los clubes beneficiados, agradeci\u00f3 el apoyo del Gobierno de la provincia al se\u00f1alar: \u201cHace 20 a\u00f1os que nosotros como dirigentes deportivos hemos podido sentir un Estado presente, con el acompa\u00f1amiento en todas las inquietudes y en todos los proyectos que hemos podido encarar, lo cual nos ha permitido el crecimiento y el desarrollo, sobre todo, de los clubes del interior de nuestra provincia\u201d.<\/p>\n<p>Luego de finalizar la entrega de las indumentarias y del auspicio publicitario, los presidentes de las instituciones deportivas destacaron el apoyo para participar del Torneo Regional Federal Amateur de F\u00fatbol.<\/p>\n<p>Gustavo Aranda, presidente del Club Defensores de Monte Quemado, valor\u00f3 la importante ayuda \u201cporque es muy dif\u00edcil afrontar este torneo y seguir adelante sin ello\u201d.<br \/>\nPor otro lado, el titular de la Ensenada de la Ciudad de Quimil\u00ed, Jos\u00e9 Cadenas, dijo: \u201cNo es un apoyo de ahora, hemos contado con ayuda de la provincia para todo el crecimiento de nuestra instituci\u00f3n\u201d.<\/p>\n<p>\u201cGracias al gobernador hoy los chicos de nuestra ciudad tienen las condiciones necesarias para entrenar, para hacer deporte y salir un poco de todos los flagelos de nuestra sociedad\u201d, agreg\u00f3 Cadenas.<\/p>\n","protected":false},"excerpt":{"rendered":"<p>El secretario de Deportes, Carlos Dapello, hizo entrega de indumentaria deportiva y auspicio publicitario a los 20 clubes santiague\u00f1os que participar\u00e1n en el Torneo Regional Federal Amateur de F\u00fatbol.<\/p>\n","protected":false},"author":1,"featured_media":61781,"comment_status":"closed","ping_status":"closed","sticky":false,"template":"","format":"standard","meta":{"footnotes":""},"categories":[4],"tags":[],"class_list":["post-61780","post","type-post","status-publish","format-standard","has-post-thumbnail","hentry","category-deportes"],"_links":{"self":[{"href":"http:\/\/elurbanoweb.com.ar\/diario\/wp-json\/wp\/v2\/posts\/61780","targetHints":{"allow":["GET"]}}],"collection":[{"href":"http:\/\/elurbanoweb.com.ar\/diario\/wp-json\/wp\/v2\/posts"}],"about":[{"href":"http:\/\/elurbanoweb.com.ar\/diario\/wp-json\/wp\/v2\/types\/post"}],"author":[{"embeddable":true,"href":"http:\/\/elurbanoweb.com.ar\/diario\/wp-json\/wp\/v2\/users\/1"}],"replies":[{"embeddable":true,"href":"http:\/\/elurbanoweb.com.ar\/diario\/wp-json\/wp\/v2\/comments?post=61780"}],"version-history":[{"count":1,"href":"http:\/\/elurbanoweb.com.ar\/diario\/wp-json\/wp\/v2\/posts\/61780\/revisions"}],"predecessor-version":[{"id":61782,"href":"http:\/\/elurbanoweb.com.ar\/diario\/wp-json\/wp\/v2\/posts\/61780\/revisions\/61782"}],"wp:featuredmedia":[{"embeddable":true,"href":"http:\/\/elurbanoweb.com.ar\/diario\/wp-json\/wp\/v2\/media\/61781"}],"wp:attachment":[{"href":"http:\/\/elurbanoweb.com.ar\/diario\/wp-json\/wp\/v2\/media?parent=61780"}],"wp:term":[{"taxonomy":"category","embeddable":true,"href":"http:\/\/elurbanoweb.com.ar\/diario\/wp-json\/wp\/v2\/categories?post=61780"},{"taxonomy":"post_tag","embeddable":true,"href":"http:\/\/elurbanoweb.com.ar\/diario\/wp-json\/wp\/v2\/tags?post=61780"}],"curies":[{"name":"wp","href":"https:\/\/api.w.org\/{rel}","templated":true}]}}