{"id":61783,"date":"2025-10-17T09:58:48","date_gmt":"2025-10-17T12:58:48","guid":{"rendered":"https:\/\/elurbanoweb.com.ar\/diario\/?p=61783"},"modified":"2025-10-17T09:58:48","modified_gmt":"2025-10-17T12:58:48","slug":"jornada-de-charlas-taller-autoexploracion-mamaria-en-bandera","status":"publish","type":"post","link":"http:\/\/elurbanoweb.com.ar\/diario\/jornada-de-charlas-taller-autoexploracion-mamaria-en-bandera\/","title":{"rendered":"Jornada de charlas-taller: autoexploraci\u00f3n mamaria en Bandera"},"content":{"rendered":"<p>En el marco del Mes de Sensibilizaci\u00f3n sobre el C\u00e1ncer de Mama, se llevaron a cabo con gran \u00e9xito dos talleres destinados a la comunidad y a estudiantes de la ciudad de Bandera.<\/p>\n<p><img loading=\"lazy\" decoding=\"async\" class=\"alignnone wp-image-61784 size-full\" src=\"http:\/\/elurbanoweb.com.ar\/diario\/wp-content\/uploads\/2025\/10\/mamaria.jpg\" alt=\"\" width=\"1010\" height=\"567\" srcset=\"http:\/\/elurbanoweb.com.ar\/diario\/wp-content\/uploads\/2025\/10\/mamaria.jpg 1010w, http:\/\/elurbanoweb.com.ar\/diario\/wp-content\/uploads\/2025\/10\/mamaria-300x168.jpg 300w, http:\/\/elurbanoweb.com.ar\/diario\/wp-content\/uploads\/2025\/10\/mamaria-150x84.jpg 150w\" sizes=\"auto, (max-width: 1010px) 100vw, 1010px\" \/><\/p>\n<p><!--more--><\/p>\n<p>Esta significativa actividad cont\u00f3 con el acompa\u00f1amiento del intendente de la ciudad Jairo Colaneri y del personal femenino de distintas \u00e1reas del Municipio, reafirmando el compromiso conjunto de seguir promoviendo la prevenci\u00f3n, la concientizaci\u00f3n y el cuidado de la vida.<\/p>\n<p>Durante la jornada, se desarroll\u00f3 una charla educativa en el SUM del CIC donde se abordaron temas esenciales sobre la prevenci\u00f3n del c\u00e1ncer de mama y la importancia de la autoexploraci\u00f3n como herramienta fundamental para la detecci\u00f3n temprana.<\/p>\n<p>La charla estuvo a cargo de profesionales de Obstetricia y estudiantes de Medicina de la UNSE. Tambi\u00e9n de la profesional local Dahiana Contreras que comparti\u00f3 sus conocimientos, destacandose el compromiso con su ciudad.<\/p>\n","protected":false},"excerpt":{"rendered":"<p>En el marco del Mes de Sensibilizaci\u00f3n sobre el C\u00e1ncer de Mama, se llevaron a cabo con gran \u00e9xito dos talleres destinados a la comunidad y a estudiantes de la&hellip; <\/p>\n","protected":false},"author":1,"featured_media":61784,"comment_status":"closed","ping_status":"closed","sticky":false,"template":"","format":"standard","meta":{"footnotes":""},"categories":[10],"tags":[],"class_list":["post-61783","post","type-post","status-publish","format-standard","has-post-thumbnail","hentry","category-interior"],"_links":{"self":[{"href":"http:\/\/elurbanoweb.com.ar\/diario\/wp-json\/wp\/v2\/posts\/61783","targetHints":{"allow":["GET"]}}],"collection":[{"href":"http:\/\/elurbanoweb.com.ar\/diario\/wp-json\/wp\/v2\/posts"}],"about":[{"href":"http:\/\/elurbanoweb.com.ar\/diario\/wp-json\/wp\/v2\/types\/post"}],"author":[{"embeddable":true,"href":"http:\/\/elurbanoweb.com.ar\/diario\/wp-json\/wp\/v2\/users\/1"}],"replies":[{"embeddable":true,"href":"http:\/\/elurbanoweb.com.ar\/diario\/wp-json\/wp\/v2\/comments?post=61783"}],"version-history":[{"count":1,"href":"http:\/\/elurbanoweb.com.ar\/diario\/wp-json\/wp\/v2\/posts\/61783\/revisions"}],"predecessor-version":[{"id":61785,"href":"http:\/\/elurbanoweb.com.ar\/diario\/wp-json\/wp\/v2\/posts\/61783\/revisions\/61785"}],"wp:featuredmedia":[{"embeddable":true,"href":"http:\/\/elurbanoweb.com.ar\/diario\/wp-json\/wp\/v2\/media\/61784"}],"wp:attachment":[{"href":"http:\/\/elurbanoweb.com.ar\/diario\/wp-json\/wp\/v2\/media?parent=61783"}],"wp:term":[{"taxonomy":"category","embeddable":true,"href":"http:\/\/elurbanoweb.com.ar\/diario\/wp-json\/wp\/v2\/categories?post=61783"},{"taxonomy":"post_tag","embeddable":true,"href":"http:\/\/elurbanoweb.com.ar\/diario\/wp-json\/wp\/v2\/tags?post=61783"}],"curies":[{"name":"wp","href":"https:\/\/api.w.org\/{rel}","templated":true}]}}