{"id":61960,"date":"2025-10-22T09:58:48","date_gmt":"2025-10-22T12:58:48","guid":{"rendered":"https:\/\/elurbanoweb.com.ar\/diario\/?p=61960"},"modified":"2025-10-22T09:58:48","modified_gmt":"2025-10-22T12:58:48","slug":"sacerdotes-de-la-diocesis-de-anatuya-participan-de-jornadas-de-formacion-permanente","status":"publish","type":"post","link":"http:\/\/elurbanoweb.com.ar\/diario\/sacerdotes-de-la-diocesis-de-anatuya-participan-de-jornadas-de-formacion-permanente\/","title":{"rendered":"Sacerdotes de la Di\u00f3cesis de A\u00f1atuya participan de jornadas de formaci\u00f3n permanente"},"content":{"rendered":"<p>Desde este martes 21 hasta el pr\u00f3ximo viernes 24 de octubre, los presb\u00edteros llevan adelante las Jornadas de Formaci\u00f3n en la Di\u00f3cesis de A\u00f1atuya.<\/p>\n<p><img loading=\"lazy\" decoding=\"async\" class=\"alignnone wp-image-61961 size-full\" src=\"http:\/\/elurbanoweb.com.ar\/diario\/wp-content\/uploads\/2025\/10\/sacerdotes.jpg\" alt=\"\" width=\"1010\" height=\"567\" srcset=\"http:\/\/elurbanoweb.com.ar\/diario\/wp-content\/uploads\/2025\/10\/sacerdotes.jpg 1010w, http:\/\/elurbanoweb.com.ar\/diario\/wp-content\/uploads\/2025\/10\/sacerdotes-300x168.jpg 300w, http:\/\/elurbanoweb.com.ar\/diario\/wp-content\/uploads\/2025\/10\/sacerdotes-150x84.jpg 150w\" sizes=\"auto, (max-width: 1010px) 100vw, 1010px\" \/><\/p>\n<p><!--more--><\/p>\n<p>Del 21 al 24 de octubre se llevan adelante las Jornadas de Formaci\u00f3n Permanente del presbiterio de A\u00f1atuya, un espacio de actualizaci\u00f3n teol\u00f3gico-pastoral, reflexi\u00f3n comunitaria y renovaci\u00f3n espiritual destinado a los sacerdotes de la di\u00f3cesis.<\/p>\n<p>Durante estos d\u00edas, los participantes profundizan su vocaci\u00f3n y ministerio a partir de diversas perspectivas b\u00edblicas, teol\u00f3gicas y magisteriales, con el objetivo de fortalecer su servicio al Pueblo de Dios.<\/p>\n<p>En esta edici\u00f3n, el eje central de las reflexiones ser\u00e1 la Cristolog\u00eda, es decir, el estudio sobre la persona de Jesucristo, centro de la fe cristiana y del ministerio sacerdotal.<\/p>\n<p>Las jornadas cuentan con la participaci\u00f3n de docentes de la Universidad Cat\u00f3lica de C\u00f3rdoba, quienes acompa\u00f1an los distintos momentos de formaci\u00f3n y di\u00e1logo.<\/p>\n<p>Desde el Obispado de A\u00f1atuya expresaron su gratitud por esta oportunidad de crecimiento espiritual y pastoral, e invitaron a la comunidad a acompa\u00f1ar con sus oraciones \u201cpara que sean d\u00edas fecundos, no s\u00f3lo en el aspecto intelectual, sino tambi\u00e9n en la renovaci\u00f3n interior del ser y quehacer sacerdotal\u201d.<\/p>\n","protected":false},"excerpt":{"rendered":"<p>Desde este martes 21 hasta el pr\u00f3ximo viernes 24 de octubre, los presb\u00edteros llevan adelante las Jornadas de Formaci\u00f3n en la Di\u00f3cesis de A\u00f1atuya.<\/p>\n","protected":false},"author":1,"featured_media":61961,"comment_status":"closed","ping_status":"closed","sticky":false,"template":"","format":"standard","meta":{"footnotes":""},"categories":[10],"tags":[],"class_list":["post-61960","post","type-post","status-publish","format-standard","has-post-thumbnail","hentry","category-interior"],"_links":{"self":[{"href":"http:\/\/elurbanoweb.com.ar\/diario\/wp-json\/wp\/v2\/posts\/61960","targetHints":{"allow":["GET"]}}],"collection":[{"href":"http:\/\/elurbanoweb.com.ar\/diario\/wp-json\/wp\/v2\/posts"}],"about":[{"href":"http:\/\/elurbanoweb.com.ar\/diario\/wp-json\/wp\/v2\/types\/post"}],"author":[{"embeddable":true,"href":"http:\/\/elurbanoweb.com.ar\/diario\/wp-json\/wp\/v2\/users\/1"}],"replies":[{"embeddable":true,"href":"http:\/\/elurbanoweb.com.ar\/diario\/wp-json\/wp\/v2\/comments?post=61960"}],"version-history":[{"count":1,"href":"http:\/\/elurbanoweb.com.ar\/diario\/wp-json\/wp\/v2\/posts\/61960\/revisions"}],"predecessor-version":[{"id":61962,"href":"http:\/\/elurbanoweb.com.ar\/diario\/wp-json\/wp\/v2\/posts\/61960\/revisions\/61962"}],"wp:featuredmedia":[{"embeddable":true,"href":"http:\/\/elurbanoweb.com.ar\/diario\/wp-json\/wp\/v2\/media\/61961"}],"wp:attachment":[{"href":"http:\/\/elurbanoweb.com.ar\/diario\/wp-json\/wp\/v2\/media?parent=61960"}],"wp:term":[{"taxonomy":"category","embeddable":true,"href":"http:\/\/elurbanoweb.com.ar\/diario\/wp-json\/wp\/v2\/categories?post=61960"},{"taxonomy":"post_tag","embeddable":true,"href":"http:\/\/elurbanoweb.com.ar\/diario\/wp-json\/wp\/v2\/tags?post=61960"}],"curies":[{"name":"wp","href":"https:\/\/api.w.org\/{rel}","templated":true}]}}