{"id":63283,"date":"2025-11-23T10:42:40","date_gmt":"2025-11-23T13:42:40","guid":{"rendered":"https:\/\/elurbanoweb.com.ar\/diario\/?p=63283"},"modified":"2025-11-23T10:42:40","modified_gmt":"2025-11-23T13:42:40","slug":"lanzaron-en-fernandez-un-libro-sobre-salud-cardiaca-aplicada-al-deporte","status":"publish","type":"post","link":"http:\/\/elurbanoweb.com.ar\/diario\/lanzaron-en-fernandez-un-libro-sobre-salud-cardiaca-aplicada-al-deporte\/","title":{"rendered":"Lanzaron en Fern\u00e1ndez un libro sobre salud card\u00edaca aplicada al deporte"},"content":{"rendered":"<p>El Lic. Roberto Vera Arencibia present\u00f3 su obra centrada en el rol del sarc\u00f3mero en el rendimiento y la prevenci\u00f3n.<\/p>\n<p><img loading=\"lazy\" decoding=\"async\" class=\"alignnone wp-image-63284 size-full\" src=\"http:\/\/elurbanoweb.com.ar\/diario\/wp-content\/uploads\/2025\/11\/robert1.jpg\" alt=\"\" width=\"1010\" height=\"567\" srcset=\"http:\/\/elurbanoweb.com.ar\/diario\/wp-content\/uploads\/2025\/11\/robert1.jpg 1010w, http:\/\/elurbanoweb.com.ar\/diario\/wp-content\/uploads\/2025\/11\/robert1-300x168.jpg 300w, http:\/\/elurbanoweb.com.ar\/diario\/wp-content\/uploads\/2025\/11\/robert1-150x84.jpg 150w\" sizes=\"auto, (max-width: 1010px) 100vw, 1010px\" \/><\/p>\n<p><!--more--><\/p>\n<p>El Centro Cultural \u00abSixto Palavecino\u00bb de la ciudad de Fern\u00e1ndez, fue el lugar elegido para la presentaci\u00f3n del Libro \u00abEntrenamiento Deportivo Profil\u00e1ctico Enfocado al Sarc\u00f3mero de la C\u00e9lula Card\u00edaca\u00bb escrito por el Lic. Roberto Vera Arencibia.<\/p>\n<p>El evento cont\u00f3 con la presencia del Secretario de Deportes de la provincia, Prof. Carlos Dapello; el intendente de la Ciudad Dr. V\u00edctor Rodolfo Araujo; el Director de Deportes comunal Prof. Nelo Iturre; la Directora de Educaci\u00f3n Prof. Lorena Aranda; el Director de Cultura Leonardo Fern\u00e1ndez; entre otros funcionarios y personalidades de la cultura local y deportistas de diferentes disciplinas que se practican en la ciudad.<\/p>\n<p>La apertura estuvo a cargo del instructor de la Escuela de Boxeo \u00abCampeones 2025\u00bb, el instructor Pablo Alejandro Vera, quien hizo una breve referencia sobre zonas y rangos del entrenamiento deportivo profil\u00e1ctico.<\/p>\n<p>Seguidamente, el Profesor Roberto Vera hizo la presentaci\u00f3n de su nuevo trabajo bibliogr\u00e1fico y en su alocuci\u00f3n precis\u00f3 que \u00abEste libro tiene una importancia extraordinaria, lo van a comprobar cuando lo lean, donde se explican cuestiones muy importantes que deben conocer. Yo opino que el entrenamiento deportivo ha tenido un error desde su inicio. Pienso que desde que Espartaco se preparaba para combatir, ya ese error viene caminando y ese error ha seguido\u00bb.<\/p>\n<p>Asimismo, Ver\u00e1 afirm\u00f3 que \u00abEl error est\u00e1 en que no se ha conocido adecuadamente c\u00f3mo funciona el sarc\u00f3mero de la c\u00e9lula card\u00edaca. Hace m\u00e1s de 30 a\u00f1os estoy en la b\u00fasqueda de de \u00e9l por qu\u00e9 de la muerte s\u00fabita; el por qu\u00e9 el coraz\u00f3n crece de una forma o de otra; entre otras cuestiones y bueno, gracias a Dios, creo que he encontrado cu\u00e1l es el motivo\u00bb.<\/p>\n<p>\u00abTrabaj\u00e9 mucho tiempo, muchos a\u00f1os, en la c\u00e9lula card\u00edaca y tres de mis \u00faltimos libros se refieren a la c\u00e9lula card\u00edaca y casi que estaba ya por rendirme, la verdad se los digo, encuentro estudiando qu\u00e9 el problema estaba en el sarc\u00f3mero de la c\u00e9lula card\u00edaca\u00bb, remarc\u00f3 el licenciado.<\/p>\n<p>Vera sostuvo que \u00abEl sarc\u00f3mero existe desde que existe el hombre, yo no he inventado un sarc\u00f3mero, existe. Lo que pasa es que los entrenadores no ve\u00edamos la relaci\u00f3n que podr\u00eda tener entre el entrenamiento deportivo y el sarc\u00f3mero. Y la impotencia de conocer c\u00f3mo se manifiesta el sarc\u00f3mero en un entrenamiento deportivo\u00bb.<\/p>\n<p>\u00abLa c\u00e9lula card\u00edaca se va desarrollando en dependencia del desarrollo del sarc\u00f3mero, pero este desarrollo est\u00e1 en dependencia hacia el entrenamiento de si es aer\u00f3bico o es anaer\u00f3bico; o es un entrenamiento combinado. Generalmente se entrena a trav\u00e9s del entrenamiento combinado y eso es un error que yo lo voy a demostrar en este libro\u00bb, remarc\u00f3.<\/p>\n","protected":false},"excerpt":{"rendered":"<p>El Lic. Roberto Vera Arencibia present\u00f3 su obra centrada en el rol del sarc\u00f3mero en el rendimiento y la prevenci\u00f3n.<\/p>\n","protected":false},"author":1,"featured_media":63284,"comment_status":"closed","ping_status":"closed","sticky":false,"template":"","format":"standard","meta":{"footnotes":""},"categories":[10],"tags":[],"class_list":["post-63283","post","type-post","status-publish","format-standard","has-post-thumbnail","hentry","category-interior"],"_links":{"self":[{"href":"http:\/\/elurbanoweb.com.ar\/diario\/wp-json\/wp\/v2\/posts\/63283","targetHints":{"allow":["GET"]}}],"collection":[{"href":"http:\/\/elurbanoweb.com.ar\/diario\/wp-json\/wp\/v2\/posts"}],"about":[{"href":"http:\/\/elurbanoweb.com.ar\/diario\/wp-json\/wp\/v2\/types\/post"}],"author":[{"embeddable":true,"href":"http:\/\/elurbanoweb.com.ar\/diario\/wp-json\/wp\/v2\/users\/1"}],"replies":[{"embeddable":true,"href":"http:\/\/elurbanoweb.com.ar\/diario\/wp-json\/wp\/v2\/comments?post=63283"}],"version-history":[{"count":1,"href":"http:\/\/elurbanoweb.com.ar\/diario\/wp-json\/wp\/v2\/posts\/63283\/revisions"}],"predecessor-version":[{"id":63285,"href":"http:\/\/elurbanoweb.com.ar\/diario\/wp-json\/wp\/v2\/posts\/63283\/revisions\/63285"}],"wp:featuredmedia":[{"embeddable":true,"href":"http:\/\/elurbanoweb.com.ar\/diario\/wp-json\/wp\/v2\/media\/63284"}],"wp:attachment":[{"href":"http:\/\/elurbanoweb.com.ar\/diario\/wp-json\/wp\/v2\/media?parent=63283"}],"wp:term":[{"taxonomy":"category","embeddable":true,"href":"http:\/\/elurbanoweb.com.ar\/diario\/wp-json\/wp\/v2\/categories?post=63283"},{"taxonomy":"post_tag","embeddable":true,"href":"http:\/\/elurbanoweb.com.ar\/diario\/wp-json\/wp\/v2\/tags?post=63283"}],"curies":[{"name":"wp","href":"https:\/\/api.w.org\/{rel}","templated":true}]}}