{"id":63428,"date":"2025-11-27T22:46:37","date_gmt":"2025-11-28T01:46:37","guid":{"rendered":"https:\/\/elurbanoweb.com.ar\/diario\/?p=63428"},"modified":"2025-11-27T22:46:37","modified_gmt":"2025-11-28T01:46:37","slug":"curso-taller-ciudadania-en-accion","status":"publish","type":"post","link":"http:\/\/elurbanoweb.com.ar\/diario\/curso-taller-ciudadania-en-accion\/","title":{"rendered":"Curso\u2013Taller \u201cCiudadan\u00eda en Acci\u00f3n\u201d"},"content":{"rendered":"<p>En la ciudad de Monte Quemado, se desarroll\u00f3 con gran participaci\u00f3n el Curso\u2013Taller \u201cCiudadan\u00eda en Acci\u00f3n\u201d, una instancia de formaci\u00f3n orientada a fortalecer las pr\u00e1cticas de atenci\u00f3n al ciudadano y gesti\u00f3n en mesa de entrada dentro de las instituciones p\u00fablicas.<\/p>\n<p><img loading=\"lazy\" decoding=\"async\" class=\"alignnone wp-image-63429 size-large\" src=\"http:\/\/elurbanoweb.com.ar\/diario\/wp-content\/uploads\/2025\/11\/publicas-1024x831.jpg\" alt=\"\" width=\"1024\" height=\"831\" srcset=\"http:\/\/elurbanoweb.com.ar\/diario\/wp-content\/uploads\/2025\/11\/publicas-1024x831.jpg 1024w, http:\/\/elurbanoweb.com.ar\/diario\/wp-content\/uploads\/2025\/11\/publicas-300x243.jpg 300w, http:\/\/elurbanoweb.com.ar\/diario\/wp-content\/uploads\/2025\/11\/publicas-150x122.jpg 150w, http:\/\/elurbanoweb.com.ar\/diario\/wp-content\/uploads\/2025\/11\/publicas.jpg 1536w\" sizes=\"auto, (max-width: 1024px) 100vw, 1024px\" \/><\/p>\n<p><!--more-->La capacitaci\u00f3n estuvo a cargo del Lic. Gustavo Beltr\u00e1n de la Silva, quien brind\u00f3 herramientas actualizadas para optimizar los procesos administrativos, mejorar la comunicaci\u00f3n institucional y promover una cultura de servicio centrada en las necesidades de la comunidad.<\/p>\n<p>Acompa\u00f1aron la jornada el Director de Gesti\u00f3n P\u00fablica, Ricardo Montenegro, el Intendente de Monte Quemado, Ing. Felipe Cisneros, y el referente del IPAP, Prof. Ignacio Ledesma, quienes destacaron la importancia de continuar promoviendo espacios de formaci\u00f3n para fortalecer las capacidades de los agentes locales.<\/p>\n<p><img loading=\"lazy\" decoding=\"async\" class=\"alignnone wp-image-63430 size-large\" src=\"http:\/\/elurbanoweb.com.ar\/diario\/wp-content\/uploads\/2025\/11\/publicas1-1024x977.jpg\" alt=\"\" width=\"1024\" height=\"977\" srcset=\"http:\/\/elurbanoweb.com.ar\/diario\/wp-content\/uploads\/2025\/11\/publicas1-1024x977.jpg 1024w, http:\/\/elurbanoweb.com.ar\/diario\/wp-content\/uploads\/2025\/11\/publicas1-300x286.jpg 300w, http:\/\/elurbanoweb.com.ar\/diario\/wp-content\/uploads\/2025\/11\/publicas1-150x143.jpg 150w, http:\/\/elurbanoweb.com.ar\/diario\/wp-content\/uploads\/2025\/11\/publicas1.jpg 1536w\" sizes=\"auto, (max-width: 1024px) 100vw, 1024px\" \/><\/p>\n<p>El encuentro se desarroll\u00f3 en un clima de intercambio, participaci\u00f3n activa y compromiso por parte de los asistentes, reafirmando el objetivo de consolidar una administraci\u00f3n p\u00fablica m\u00e1s eficiente, accesible y cercana a los ciudadanos.<\/p>\n<p>La actividad estuvo organizada por el Instituto Provincial de la Administraci\u00f3n P\u00fablica ( IPAP) de manera conjunta con la Municipalidad de Monte Quemado<\/p>\n","protected":false},"excerpt":{"rendered":"<p>En la ciudad de Monte Quemado, se desarroll\u00f3 con gran participaci\u00f3n el Curso\u2013Taller \u201cCiudadan\u00eda en Acci\u00f3n\u201d, una instancia de formaci\u00f3n orientada a fortalecer las pr\u00e1cticas de atenci\u00f3n al ciudadano y&hellip; <\/p>\n","protected":false},"author":1,"featured_media":63431,"comment_status":"closed","ping_status":"closed","sticky":false,"template":"","format":"standard","meta":{"footnotes":""},"categories":[10],"tags":[],"class_list":["post-63428","post","type-post","status-publish","format-standard","has-post-thumbnail","hentry","category-interior"],"_links":{"self":[{"href":"http:\/\/elurbanoweb.com.ar\/diario\/wp-json\/wp\/v2\/posts\/63428","targetHints":{"allow":["GET"]}}],"collection":[{"href":"http:\/\/elurbanoweb.com.ar\/diario\/wp-json\/wp\/v2\/posts"}],"about":[{"href":"http:\/\/elurbanoweb.com.ar\/diario\/wp-json\/wp\/v2\/types\/post"}],"author":[{"embeddable":true,"href":"http:\/\/elurbanoweb.com.ar\/diario\/wp-json\/wp\/v2\/users\/1"}],"replies":[{"embeddable":true,"href":"http:\/\/elurbanoweb.com.ar\/diario\/wp-json\/wp\/v2\/comments?post=63428"}],"version-history":[{"count":1,"href":"http:\/\/elurbanoweb.com.ar\/diario\/wp-json\/wp\/v2\/posts\/63428\/revisions"}],"predecessor-version":[{"id":63432,"href":"http:\/\/elurbanoweb.com.ar\/diario\/wp-json\/wp\/v2\/posts\/63428\/revisions\/63432"}],"wp:featuredmedia":[{"embeddable":true,"href":"http:\/\/elurbanoweb.com.ar\/diario\/wp-json\/wp\/v2\/media\/63431"}],"wp:attachment":[{"href":"http:\/\/elurbanoweb.com.ar\/diario\/wp-json\/wp\/v2\/media?parent=63428"}],"wp:term":[{"taxonomy":"category","embeddable":true,"href":"http:\/\/elurbanoweb.com.ar\/diario\/wp-json\/wp\/v2\/categories?post=63428"},{"taxonomy":"post_tag","embeddable":true,"href":"http:\/\/elurbanoweb.com.ar\/diario\/wp-json\/wp\/v2\/tags?post=63428"}],"curies":[{"name":"wp","href":"https:\/\/api.w.org\/{rel}","templated":true}]}}