{"id":63803,"date":"2025-12-05T14:14:32","date_gmt":"2025-12-05T17:14:32","guid":{"rendered":"https:\/\/elurbanoweb.com.ar\/diario\/?p=63803"},"modified":"2025-12-05T14:14:32","modified_gmt":"2025-12-05T17:14:32","slug":"zamora-inauguro-obras-y-aseguro-seguiremos-construyendo-una-provincia-que-genere-desarrollo-y-posibilidades-para-todos","status":"publish","type":"post","link":"http:\/\/elurbanoweb.com.ar\/diario\/zamora-inauguro-obras-y-aseguro-seguiremos-construyendo-una-provincia-que-genere-desarrollo-y-posibilidades-para-todos\/","title":{"rendered":"Zamora inaugur\u00f3 obras y asegur\u00f3: \u201cSeguiremos construyendo una provincia que genere desarrollo y posibilidades para todos\u201d"},"content":{"rendered":"<p>En la localidad de Kil\u00f3metro 49, departamento Ojo de Agua, se habilit\u00f3 un nuevo agrupamiento educativo, una posta sanitaria renovada y se entreg\u00f3 una vivienda social, reforzando la inversi\u00f3n en educaci\u00f3n, salud y bienestar de la comunidad.<\/p>\n<p><img loading=\"lazy\" decoding=\"async\" class=\"alignnone wp-image-63804 size-full\" src=\"http:\/\/elurbanoweb.com.ar\/diario\/wp-content\/uploads\/2025\/12\/obras5.jpg\" alt=\"\" width=\"1010\" height=\"567\" srcset=\"http:\/\/elurbanoweb.com.ar\/diario\/wp-content\/uploads\/2025\/12\/obras5.jpg 1010w, http:\/\/elurbanoweb.com.ar\/diario\/wp-content\/uploads\/2025\/12\/obras5-300x168.jpg 300w, http:\/\/elurbanoweb.com.ar\/diario\/wp-content\/uploads\/2025\/12\/obras5-150x84.jpg 150w\" sizes=\"auto, (max-width: 1010px) 100vw, 1010px\" \/><\/p>\n<p><!--more--><\/p>\n<p>El gobernador Gerardo Zamora inaugur\u00f3 este viernes por la ma\u00f1ana el nuevo edificio del Agrupamiento N\u00b0 86.001, ubicado en la localidad de Kil\u00f3metro 49, en el departamento Ojo de Agua.<\/p>\n<p>En esta oportunidad tambi\u00e9n fue habilitado el renovado edificio de la posta sanitaria de esta comunidad y se entreg\u00f3 una vivienda social como parte del programa ejecutado a trav\u00e9s de Ministerio de Desarrollo Social.<\/p>\n<p>Es importante remarcar que con la inauguraci\u00f3n de este agrupamiento finaliz\u00f3 el Programa de Conectividad que se lleva adelante en todo el territorio santiague\u00f1o, que brinda acceso a internet a un total de 2.043 escuelas y jardines de infantes, con fondos netamente provinciales.<\/p>\n<p>El programa comprende 1.511 predios educativos conectados mediante cable m\u00f3dem (157), fibra \u00f3ptica (320), radio l\u00e1ser (188) y antena starlink (846).<\/p>\n<p>En esta oportunidad, Zamora estuvo acompa\u00f1ado por el jefe de Gabinete y gobernador electo, El\u00edas Su\u00e1rez, y los ministros de Educaci\u00f3n, Mariela Nassif; de Obras P\u00fablicas, Aldo Hid; de Desarrollo Social, \u00c1ngel Niccolai, y de Salud, Natividad Nassif. Adem\u00e1s de secretario de Obras P\u00fablicas, Jorge Zua\u00edn y la presidente del Consejo General de Educaci\u00f3n, Mar\u00eda Elena Herrera, quienes fueron recibidos por la comisionada municipal de Km 49, Mar\u00eda Eugenia Ibarra, y el comisionado electo, \u00c1ngel Ullua.<\/p>\n<p>La actividad oficial fue iniciada -en representaci\u00f3n del gobernador Zamora- por los ministros de Desarrollo Social y de Salud, junto con el secretario de Obras P\u00fablicas y la directora del Interior, Graciela Alzogaray, quienes hicieron entrega formal de llaves de una vivienda social construida para Mar\u00eda Mercedes Mansilla y su familia.<\/p>\n<p>Tambi\u00e9n fue parte de la breve ceremonia la comisionada Mar\u00eda Eugenia Ibarra, cuya comuna colabor\u00f3 con la construcci\u00f3n de la casa con fondos aportados por la provincia.<\/p>\n<p>Luego fue habilitado el edificio de la posta sanitaria de esta localidad, cuyas instalaciones fueron completamente refaccionadas.<\/p>\n<p>En esta oportunidad, las autoridades provinciales fueron recibidas por el responsable de la posta de salud, Juan Costas, con quien recorrieron las dependencias que fueron acondicionadas para mejorar la calidad de atenci\u00f3n y fortalecer la red sanitaria provincial.<\/p>\n<p>Adem\u00e1s, fue equipada con nuevo mobiliario, heladera y otros elementos. Adem\u00e1s se sum\u00f3 equipamiento inform\u00e1tico compuesto por dos computadoras y una impresora, para mejorar el registro y la gesti\u00f3n administrativa del servicio.<\/p>\n<p>La posta cuenta con dos consultorios m\u00e9dicos, farmacia, enfermer\u00eda, sala de espera, cocina, dep\u00f3sito y sanitarios para el p\u00fablico y el personal. Tambi\u00e9n dispone de servicio de internet, garantizando conectividad para la gesti\u00f3n administrativa y asistencial.<\/p>\n<p>Con esta obra, el Gobierno de la provincia refuerza la presencia del sistema p\u00fablico en el territorio, brindando a la comunidad de Km 49 un espacio de atenci\u00f3n moderno, equipado y plenamente operativo, destinado a mejorar la accesibilidad y la calidad del cuidado de la salud en el departamento Ojo de Agua.<\/p>\n<p>Posteriormente, el gobernador Zamora dej\u00f3 formalmente inaugurado el edificio del Agrupamiento N\u00b0 86.001, en la escuela sede de Km 49, a donde asisten un total de 52 alumnos de parajes vecinos.<\/p>\n<p>El establecimiento cuenta con 4 aulas comunes, 4 aulas taller, sala de inform\u00e1tica, biblioteca, fog\u00f3n, patio c\u00edvico cubierto, laboratorio y sanitarios en una superficie total de 2.200 metros cuadrados cubiertos.<\/p>\n<p>Al llegar, el mandatario fue recibido por el rector del Agrupamiento, Manuel Herrera, quien acompa\u00f1\u00f3 en el recorrido por el establecimiento.<\/p>\n<p>En su discurso, ante una importante cantidad de p\u00fablico, Zamora expres\u00f3: \u201cHoy es un d\u00eda hist\u00f3rico para la comunidad del Km 49 y comunidades vecinas; nos enorgullece abrir las puertas de esta nueva y magn\u00edfica casa de estudios. Ser\u00e1 un espacio de aprendizaje y crecimiento para nuestros adolescentes\u201d.<\/p>\n<p>Asimismo, resalt\u00f3 la gesti\u00f3n de Gerardo Zamora \u201cque est\u00e1 centrada en la igualdad de oportunidades e inclusi\u00f3n, como as\u00ed tambi\u00e9n de inversi\u00f3n en obras e infraestructura, lo cual fortalece y promueve la educaci\u00f3n del sistema educativo en todos sus niveles\u201d.<\/p>\n<p>De igual manera hizo referencia a las concreciones sanitarias y habitacionales. Dijo: \u201cEs muy importante para nosotros, sobre todo porque la salud y la educaci\u00f3n son pilares fundamentales y tiene que llegar a todos lados\u201d.<\/p>\n<p>En cuanto al programa de viviendas sociales, resalt\u00f3: \u201cTiene un significado fundamental con el arraigo, con la mejora en dignidad y eliminando tambi\u00e9n las enfermedades end\u00e9micas como el Mal de Chagas. Ya tenemos m\u00e1s de 33.000 viviendas entregadas en forma gratuita, amobladas y bajo un programa solidario de trabajo de comunas y organizaciones no gubernamentales\u201d.<\/p>\n<p>Por otro lado, el mandatario subray\u00f3 la importancia de encontrarse en una escuela y de habilitar una nueva sede para un agrupamiento. \u201cEs un compromiso que iniciamos hace bastante tiempo, fundamentalmente con la igualdad educativa, lo cual signific\u00f3 m\u00e1s de 600 jardines de infantes a largo y ancho de la provincia; signific\u00f3 mejoras en infraestructura, en equipamiento; signific\u00f3 que en los agrupamientos como \u00e9ste los j\u00f3venes pudieran acceder a la en la ruralidad en el nivel medio\u201d, expres\u00f3.<\/p>\n<p>A su vez, remarc\u00f3 la igualdad educativa como pilar de su gesti\u00f3n al se\u00f1alar: \u201cPara nosotros todos los establecimientos tienen el mismo valor, que tengan la misma infraestructura y el mismo equipamiento es el objetivo\u201d.<\/p>\n<p>En otro orden, Zamora destac\u00f3 la importancia de los programas como el Conociendo mi provincia; tambi\u00e9n los planes de asistencia nutricional para los distintos niveles y la finalizaci\u00f3n del Plan de Conectividad que actualmente beneficia a 1.511 predios escolares y 2.043 escuelas y jardines de infantes. \u201cTodas van a tener internet gracias a este programa de inversi\u00f3n netamente provincial, que eso tambi\u00e9n tiene que ver con la igualdad educativa. Es la posibilidad de igualdad de oportunidades y mejor calidad de vida para todos los santiague\u00f1os\u201d.<\/p>\n<p>Tambi\u00e9n dedic\u00f3 un p\u00e1rrafo aparte al crecimiento sostenido de Santiago del Estero, que logr\u00f3 posicionarla como una de las principales provincias exportadoras por excelencia, lo que representa para la Naci\u00f3n un importante ingreso de d\u00f3lares con balanza comercial positiva. La sexta en el orden nacional.<\/p>\n<p>Seguidamente, agradeci\u00f3 la vocaci\u00f3n de los docentes santiague\u00f1os por contribuir con el crecimiento de la provincia a trav\u00e9s de la educaci\u00f3n como principal herramienta, \u201cpor mantener un a\u00f1o m\u00e1s las escuelas abiertas y con ello generando un mejor futuro para nuestra patria\u201d.<\/p>\n<p>\u201cEs importante \u2013expres\u00f3- que nuestros ni\u00f1os y j\u00f3venes a trav\u00e9s de la vocaci\u00f3n docente y la esperanza de todas las comunidades educativas que incluyen a las familias santiague\u00f1as, pensando en eso ciudadanos que comienzan a ser, tengan acceso a una educaci\u00f3n de igualdad, que puedan prepararse, que puedan discernir y tener libertad\u201d.<\/p>\n<p>Dijo que es fundamental invertir en brindar herramientas a las nuevas generaciones, \u201cpara hacer frente a un mundo que es cada vez m\u00e1s complejo y que no solamente es el trabajo de la tierra o de la industria, si no de econom\u00eda del conocimiento y tiene que tener cualquier ni\u00f1o o joven el acceso a esa posibilidad en t\u00e9rminos de igualdad y por eso la inversi\u00f3n educativa para nosotros es fundamental\u201d.<\/p>\n<p>Al despedirse de los vecinos de Ojo de Agua, el gobernador dej\u00f3 su compromiso para continuar trabajando por Santiago del Estero, para \u201cseguir construyendo solidariamente y sin individualismos una provincia que genere desarrollo sustentable, progreso y posibilidades para todos\u201d.<\/p>\n","protected":false},"excerpt":{"rendered":"<p>En la localidad de Kil\u00f3metro 49, departamento Ojo de Agua, se habilit\u00f3 un nuevo agrupamiento educativo, una posta sanitaria renovada y se entreg\u00f3 una vivienda social, reforzando la inversi\u00f3n en&hellip; <\/p>\n","protected":false},"author":1,"featured_media":63804,"comment_status":"closed","ping_status":"closed","sticky":false,"template":"","format":"standard","meta":{"footnotes":""},"categories":[2,10],"tags":[],"class_list":["post-63803","post","type-post","status-publish","format-standard","has-post-thumbnail","hentry","category-gobierno","category-interior"],"_links":{"self":[{"href":"http:\/\/elurbanoweb.com.ar\/diario\/wp-json\/wp\/v2\/posts\/63803","targetHints":{"allow":["GET"]}}],"collection":[{"href":"http:\/\/elurbanoweb.com.ar\/diario\/wp-json\/wp\/v2\/posts"}],"about":[{"href":"http:\/\/elurbanoweb.com.ar\/diario\/wp-json\/wp\/v2\/types\/post"}],"author":[{"embeddable":true,"href":"http:\/\/elurbanoweb.com.ar\/diario\/wp-json\/wp\/v2\/users\/1"}],"replies":[{"embeddable":true,"href":"http:\/\/elurbanoweb.com.ar\/diario\/wp-json\/wp\/v2\/comments?post=63803"}],"version-history":[{"count":1,"href":"http:\/\/elurbanoweb.com.ar\/diario\/wp-json\/wp\/v2\/posts\/63803\/revisions"}],"predecessor-version":[{"id":63805,"href":"http:\/\/elurbanoweb.com.ar\/diario\/wp-json\/wp\/v2\/posts\/63803\/revisions\/63805"}],"wp:featuredmedia":[{"embeddable":true,"href":"http:\/\/elurbanoweb.com.ar\/diario\/wp-json\/wp\/v2\/media\/63804"}],"wp:attachment":[{"href":"http:\/\/elurbanoweb.com.ar\/diario\/wp-json\/wp\/v2\/media?parent=63803"}],"wp:term":[{"taxonomy":"category","embeddable":true,"href":"http:\/\/elurbanoweb.com.ar\/diario\/wp-json\/wp\/v2\/categories?post=63803"},{"taxonomy":"post_tag","embeddable":true,"href":"http:\/\/elurbanoweb.com.ar\/diario\/wp-json\/wp\/v2\/tags?post=63803"}],"curies":[{"name":"wp","href":"https:\/\/api.w.org\/{rel}","templated":true}]}}