{"id":65511,"date":"2026-01-24T09:43:54","date_gmt":"2026-01-24T12:43:54","guid":{"rendered":"https:\/\/elurbanoweb.com.ar\/diario\/?p=65511"},"modified":"2026-01-24T09:43:54","modified_gmt":"2026-01-24T12:43:54","slug":"continuan-abiertas-las-inscripciones-para-el-jardin-de-infantes-municipal-papa-francisco","status":"publish","type":"post","link":"http:\/\/elurbanoweb.com.ar\/diario\/continuan-abiertas-las-inscripciones-para-el-jardin-de-infantes-municipal-papa-francisco\/","title":{"rendered":"Contin\u00faan abiertas las inscripciones para el jard\u00edn de infantes municipal \u00abPapa Francisco\u00bb"},"content":{"rendered":"<p>La Subsecretar\u00eda de Educaci\u00f3n de la Capital informa que siguen abiertas las inscripciones para el nuevo Jard\u00edn de Infantes N\u00b027 \u00abPapa Francisco\u00bb, cuya pedagog\u00eda se orientar\u00e1 hacia la ecolog\u00eda y la rob\u00f3tica.<\/p>\n<p><img loading=\"lazy\" decoding=\"async\" class=\"alignnone wp-image-65513 size-large\" src=\"http:\/\/elurbanoweb.com.ar\/diario\/wp-content\/uploads\/2026\/01\/jardin13-768x1024.jpg\" alt=\"\" width=\"768\" height=\"1024\" srcset=\"http:\/\/elurbanoweb.com.ar\/diario\/wp-content\/uploads\/2026\/01\/jardin13-768x1024.jpg 768w, http:\/\/elurbanoweb.com.ar\/diario\/wp-content\/uploads\/2026\/01\/jardin13-225x300.jpg 225w, http:\/\/elurbanoweb.com.ar\/diario\/wp-content\/uploads\/2026\/01\/jardin13-113x150.jpg 113w, http:\/\/elurbanoweb.com.ar\/diario\/wp-content\/uploads\/2026\/01\/jardin13-1152x1536.jpg 1152w, http:\/\/elurbanoweb.com.ar\/diario\/wp-content\/uploads\/2026\/01\/jardin13.jpg 1200w\" sizes=\"auto, (max-width: 768px) 100vw, 768px\" \/><\/p>\n<p><!--more--> Los padres y tutores interesados en inscribir a sus ni\u00f1os en las salas de 3, 4 y 5 a\u00f1os, deben dirigirse a la Parroquia San Juan Diego ubicada en San Patricio y V\u00edctor Yunes del barrio Saint Germ\u00e9s, de lunes a viernes en el horario de 9 a 12.<\/p>\n<p>La documentaci\u00f3n a presentar est\u00e1 compuesta por el DNI del ni\u00f1o o ni\u00f1a y de los padres (original y copia), carnet de vacunaci\u00f3n (original y copia), cuil del ni\u00f1o o ni\u00f1a, 2 fotos carnet y un folio tama\u00f1o A4.<\/p>\n<p>El establecimiento educativo est\u00e1 ubicado en Col\u00f3n y Perito Moreno del barrio Saint Germ\u00e9s y ser\u00e1 habilitado oficialmente en la apertura del ciclo lectivo 2026, contando con laboratorio, sala de arte, ludoteca y anfiteatro. Tambi\u00e9n estar\u00e1 equipado con huertas, juegos infantiles con pisos antigolpes y un moderno circuito deportivo, recreativo y de estar.<\/p>\n","protected":false},"excerpt":{"rendered":"<p>La Subsecretar\u00eda de Educaci\u00f3n de la Capital informa que siguen abiertas las inscripciones para el nuevo Jard\u00edn de Infantes N\u00b027 \u00abPapa Francisco\u00bb, cuya pedagog\u00eda se orientar\u00e1 hacia la ecolog\u00eda y&hellip; <\/p>\n","protected":false},"author":1,"featured_media":65514,"comment_status":"closed","ping_status":"closed","sticky":false,"template":"","format":"standard","meta":{"footnotes":""},"categories":[3],"tags":[],"class_list":["post-65511","post","type-post","status-publish","format-standard","has-post-thumbnail","hentry","category-municipio"],"_links":{"self":[{"href":"http:\/\/elurbanoweb.com.ar\/diario\/wp-json\/wp\/v2\/posts\/65511","targetHints":{"allow":["GET"]}}],"collection":[{"href":"http:\/\/elurbanoweb.com.ar\/diario\/wp-json\/wp\/v2\/posts"}],"about":[{"href":"http:\/\/elurbanoweb.com.ar\/diario\/wp-json\/wp\/v2\/types\/post"}],"author":[{"embeddable":true,"href":"http:\/\/elurbanoweb.com.ar\/diario\/wp-json\/wp\/v2\/users\/1"}],"replies":[{"embeddable":true,"href":"http:\/\/elurbanoweb.com.ar\/diario\/wp-json\/wp\/v2\/comments?post=65511"}],"version-history":[{"count":1,"href":"http:\/\/elurbanoweb.com.ar\/diario\/wp-json\/wp\/v2\/posts\/65511\/revisions"}],"predecessor-version":[{"id":65515,"href":"http:\/\/elurbanoweb.com.ar\/diario\/wp-json\/wp\/v2\/posts\/65511\/revisions\/65515"}],"wp:featuredmedia":[{"embeddable":true,"href":"http:\/\/elurbanoweb.com.ar\/diario\/wp-json\/wp\/v2\/media\/65514"}],"wp:attachment":[{"href":"http:\/\/elurbanoweb.com.ar\/diario\/wp-json\/wp\/v2\/media?parent=65511"}],"wp:term":[{"taxonomy":"category","embeddable":true,"href":"http:\/\/elurbanoweb.com.ar\/diario\/wp-json\/wp\/v2\/categories?post=65511"},{"taxonomy":"post_tag","embeddable":true,"href":"http:\/\/elurbanoweb.com.ar\/diario\/wp-json\/wp\/v2\/tags?post=65511"}],"curies":[{"name":"wp","href":"https:\/\/api.w.org\/{rel}","templated":true}]}}