{"id":65519,"date":"2026-01-25T10:29:15","date_gmt":"2026-01-25T13:29:15","guid":{"rendered":"https:\/\/elurbanoweb.com.ar\/diario\/?p=65519"},"modified":"2026-01-25T10:29:15","modified_gmt":"2026-01-25T13:29:15","slug":"la-reapertura-de-preinscripciones-para-ingresantes-2026-se-desarrollara-desde-el-lunes-26-de-enero-de-2026-al-martes-3-de-febrero-de-2026-2","status":"publish","type":"post","link":"http:\/\/elurbanoweb.com.ar\/diario\/la-reapertura-de-preinscripciones-para-ingresantes-2026-se-desarrollara-desde-el-lunes-26-de-enero-de-2026-al-martes-3-de-febrero-de-2026-2\/","title":{"rendered":"La Reapertura de Preinscripciones para Ingresantes 2026 se desarrollar\u00e1 desde el Lunes 26 de Enero de 2026 al Martes 3 de Febrero de 2026"},"content":{"rendered":"<p>La Facultad de Humanidades, Ciencias Sociales y de la Salud informa:<\/p>\n<p><img loading=\"lazy\" decoding=\"async\" class=\"alignnone wp-image-65520 size-full\" src=\"http:\/\/elurbanoweb.com.ar\/diario\/wp-content\/uploads\/2026\/01\/humanidades1.jpg\" alt=\"\" width=\"1010\" height=\"567\" srcset=\"http:\/\/elurbanoweb.com.ar\/diario\/wp-content\/uploads\/2026\/01\/humanidades1.jpg 1010w, http:\/\/elurbanoweb.com.ar\/diario\/wp-content\/uploads\/2026\/01\/humanidades1-300x168.jpg 300w, http:\/\/elurbanoweb.com.ar\/diario\/wp-content\/uploads\/2026\/01\/humanidades1-150x84.jpg 150w\" sizes=\"auto, (max-width: 1010px) 100vw, 1010px\" \/><\/p>\n<p><!--more-->&#x200d;Los d\u00edas 2 y 3 de Febrero de 2026 podr\u00e1n llegarse a la Facultad quienes necesiten asistencia t\u00e9cnica.<\/p>\n<p>&#x1f447;Oferta Acad\u00e9mica de la Facultad de Humanidades, Ciencias Sociales y de la Salud<br \/>\n&#x1f4d9;Licenciatura en Administraci\u00f3n (5 a\u00f1os)<br \/>\n&#x1f4d9;T\u00e9cnico Universitario en Administraci\u00f3n (3 a\u00f1os)<br \/>\n&#x1f4d9;Contador P\u00fablico (5 a\u00f1os)<br \/>\n&#x1f4d9;Tecnicatura Universitaria Contable &#8211; Impositiva (3 a\u00f1os)<\/p>\n<p>&#x1f4d8;Licenciatura en Filosof\u00eda (4 a\u00f1os)<br \/>\n&#x1f4d8;Licenciatura en Educaci\u00f3n Intercultural (2 a\u00f1os, solo con titulo de T\u00e9cnico\/a)<br \/>\n&#x1f4d8;Tecnicatura Superior en Educaci\u00f3n Intercultural Biling\u00fce con menci\u00f3n en Lengua Quichua (3 a\u00f1os)<\/p>\n","protected":false},"excerpt":{"rendered":"<p>La Facultad de Humanidades, Ciencias Sociales y de la Salud informa:<\/p>\n","protected":false},"author":1,"featured_media":65520,"comment_status":"closed","ping_status":"closed","sticky":false,"template":"","format":"standard","meta":{"footnotes":""},"categories":[15],"tags":[],"class_list":["post-65519","post","type-post","status-publish","format-standard","has-post-thumbnail","hentry","category-unse"],"_links":{"self":[{"href":"http:\/\/elurbanoweb.com.ar\/diario\/wp-json\/wp\/v2\/posts\/65519","targetHints":{"allow":["GET"]}}],"collection":[{"href":"http:\/\/elurbanoweb.com.ar\/diario\/wp-json\/wp\/v2\/posts"}],"about":[{"href":"http:\/\/elurbanoweb.com.ar\/diario\/wp-json\/wp\/v2\/types\/post"}],"author":[{"embeddable":true,"href":"http:\/\/elurbanoweb.com.ar\/diario\/wp-json\/wp\/v2\/users\/1"}],"replies":[{"embeddable":true,"href":"http:\/\/elurbanoweb.com.ar\/diario\/wp-json\/wp\/v2\/comments?post=65519"}],"version-history":[{"count":1,"href":"http:\/\/elurbanoweb.com.ar\/diario\/wp-json\/wp\/v2\/posts\/65519\/revisions"}],"predecessor-version":[{"id":65521,"href":"http:\/\/elurbanoweb.com.ar\/diario\/wp-json\/wp\/v2\/posts\/65519\/revisions\/65521"}],"wp:featuredmedia":[{"embeddable":true,"href":"http:\/\/elurbanoweb.com.ar\/diario\/wp-json\/wp\/v2\/media\/65520"}],"wp:attachment":[{"href":"http:\/\/elurbanoweb.com.ar\/diario\/wp-json\/wp\/v2\/media?parent=65519"}],"wp:term":[{"taxonomy":"category","embeddable":true,"href":"http:\/\/elurbanoweb.com.ar\/diario\/wp-json\/wp\/v2\/categories?post=65519"},{"taxonomy":"post_tag","embeddable":true,"href":"http:\/\/elurbanoweb.com.ar\/diario\/wp-json\/wp\/v2\/tags?post=65519"}],"curies":[{"name":"wp","href":"https:\/\/api.w.org\/{rel}","templated":true}]}}