{"id":65555,"date":"2026-01-26T12:33:27","date_gmt":"2026-01-26T15:33:27","guid":{"rendered":"https:\/\/elurbanoweb.com.ar\/diario\/?p=65555"},"modified":"2026-01-26T12:33:27","modified_gmt":"2026-01-26T15:33:27","slug":"conoce-los-dias-y-horarios-de-recoleccion-segun-tu-barrio","status":"publish","type":"post","link":"http:\/\/elurbanoweb.com.ar\/diario\/conoce-los-dias-y-horarios-de-recoleccion-segun-tu-barrio\/","title":{"rendered":"Conoc\u00e9 los d\u00edas y horarios de recolecci\u00f3n seg\u00fan tu barrio"},"content":{"rendered":"<p>Respetarlos ayuda a mantener una ciudad m\u00e1s limpia y ordenada.<\/p>\n<p><img loading=\"lazy\" decoding=\"async\" class=\"alignnone wp-image-65556 size-large\" src=\"http:\/\/elurbanoweb.com.ar\/diario\/wp-content\/uploads\/2026\/01\/dias-821x1024.jpg\" alt=\"\" width=\"821\" height=\"1024\" srcset=\"http:\/\/elurbanoweb.com.ar\/diario\/wp-content\/uploads\/2026\/01\/dias-821x1024.jpg 821w, http:\/\/elurbanoweb.com.ar\/diario\/wp-content\/uploads\/2026\/01\/dias-241x300.jpg 241w, http:\/\/elurbanoweb.com.ar\/diario\/wp-content\/uploads\/2026\/01\/dias-120x150.jpg 120w, http:\/\/elurbanoweb.com.ar\/diario\/wp-content\/uploads\/2026\/01\/dias-1232x1536.jpg 1232w, http:\/\/elurbanoweb.com.ar\/diario\/wp-content\/uploads\/2026\/01\/dias.jpg 1283w\" sizes=\"auto, (max-width: 821px) 100vw, 821px\" \/><\/p>\n<p><!--more-->Sacar los residuos en el horario correspondiente evita desbordes y acumulaci\u00f3n en la v\u00eda p\u00fablica.<\/p>\n<p><img loading=\"lazy\" decoding=\"async\" class=\"alignnone wp-image-65557 size-large\" src=\"http:\/\/elurbanoweb.com.ar\/diario\/wp-content\/uploads\/2026\/01\/dias1-821x1024.jpg\" alt=\"\" width=\"821\" height=\"1024\" srcset=\"http:\/\/elurbanoweb.com.ar\/diario\/wp-content\/uploads\/2026\/01\/dias1-821x1024.jpg 821w, http:\/\/elurbanoweb.com.ar\/diario\/wp-content\/uploads\/2026\/01\/dias1-241x300.jpg 241w, http:\/\/elurbanoweb.com.ar\/diario\/wp-content\/uploads\/2026\/01\/dias1-120x150.jpg 120w, http:\/\/elurbanoweb.com.ar\/diario\/wp-content\/uploads\/2026\/01\/dias1-1232x1536.jpg 1232w, http:\/\/elurbanoweb.com.ar\/diario\/wp-content\/uploads\/2026\/01\/dias1.jpg 1283w\" sizes=\"auto, (max-width: 821px) 100vw, 821px\" \/> <img loading=\"lazy\" decoding=\"async\" class=\"alignnone wp-image-65558 size-large\" src=\"http:\/\/elurbanoweb.com.ar\/diario\/wp-content\/uploads\/2026\/01\/dias2-821x1024.jpg\" alt=\"\" width=\"821\" height=\"1024\" srcset=\"http:\/\/elurbanoweb.com.ar\/diario\/wp-content\/uploads\/2026\/01\/dias2-821x1024.jpg 821w, http:\/\/elurbanoweb.com.ar\/diario\/wp-content\/uploads\/2026\/01\/dias2-241x300.jpg 241w, http:\/\/elurbanoweb.com.ar\/diario\/wp-content\/uploads\/2026\/01\/dias2-120x150.jpg 120w, http:\/\/elurbanoweb.com.ar\/diario\/wp-content\/uploads\/2026\/01\/dias2-1232x1536.jpg 1232w, http:\/\/elurbanoweb.com.ar\/diario\/wp-content\/uploads\/2026\/01\/dias2.jpg 1283w\" sizes=\"auto, (max-width: 821px) 100vw, 821px\" \/><\/p>\n<p>La limpieza es un trabajo compartido: Municipio + vecinos, cuidando nuestros espacios comunes.<\/p>\n","protected":false},"excerpt":{"rendered":"<p>Respetarlos ayuda a mantener una ciudad m\u00e1s limpia y ordenada.<\/p>\n","protected":false},"author":1,"featured_media":65556,"comment_status":"closed","ping_status":"closed","sticky":false,"template":"","format":"standard","meta":{"footnotes":""},"categories":[9],"tags":[],"class_list":["post-65555","post","type-post","status-publish","format-standard","has-post-thumbnail","hentry","category-la-banda"],"_links":{"self":[{"href":"http:\/\/elurbanoweb.com.ar\/diario\/wp-json\/wp\/v2\/posts\/65555","targetHints":{"allow":["GET"]}}],"collection":[{"href":"http:\/\/elurbanoweb.com.ar\/diario\/wp-json\/wp\/v2\/posts"}],"about":[{"href":"http:\/\/elurbanoweb.com.ar\/diario\/wp-json\/wp\/v2\/types\/post"}],"author":[{"embeddable":true,"href":"http:\/\/elurbanoweb.com.ar\/diario\/wp-json\/wp\/v2\/users\/1"}],"replies":[{"embeddable":true,"href":"http:\/\/elurbanoweb.com.ar\/diario\/wp-json\/wp\/v2\/comments?post=65555"}],"version-history":[{"count":1,"href":"http:\/\/elurbanoweb.com.ar\/diario\/wp-json\/wp\/v2\/posts\/65555\/revisions"}],"predecessor-version":[{"id":65559,"href":"http:\/\/elurbanoweb.com.ar\/diario\/wp-json\/wp\/v2\/posts\/65555\/revisions\/65559"}],"wp:featuredmedia":[{"embeddable":true,"href":"http:\/\/elurbanoweb.com.ar\/diario\/wp-json\/wp\/v2\/media\/65556"}],"wp:attachment":[{"href":"http:\/\/elurbanoweb.com.ar\/diario\/wp-json\/wp\/v2\/media?parent=65555"}],"wp:term":[{"taxonomy":"category","embeddable":true,"href":"http:\/\/elurbanoweb.com.ar\/diario\/wp-json\/wp\/v2\/categories?post=65555"},{"taxonomy":"post_tag","embeddable":true,"href":"http:\/\/elurbanoweb.com.ar\/diario\/wp-json\/wp\/v2\/tags?post=65555"}],"curies":[{"name":"wp","href":"https:\/\/api.w.org\/{rel}","templated":true}]}}