{"id":65560,"date":"2026-01-26T12:34:40","date_gmt":"2026-01-26T15:34:40","guid":{"rendered":"https:\/\/elurbanoweb.com.ar\/diario\/?p=65560"},"modified":"2026-01-26T12:34:40","modified_gmt":"2026-01-26T15:34:40","slug":"obras-publicas-de-la-capital-trabajo-en-el-perfilado-y-recuperacion-de-calle-del-barrio-los-flores-ampliacion","status":"publish","type":"post","link":"http:\/\/elurbanoweb.com.ar\/diario\/obras-publicas-de-la-capital-trabajo-en-el-perfilado-y-recuperacion-de-calle-del-barrio-los-flores-ampliacion\/","title":{"rendered":"Obras P\u00fablicas de la Capital trabaj\u00f3 en el perfilado y recuperaci\u00f3n de calle del barrio Los Flores ampliaci\u00f3n"},"content":{"rendered":"<p>La Direcci\u00f3n de Obras P\u00fablicas de la Municipalidad de la Capital avanza con los trabajos de mantenimiento de la red vial del barrio Los Flores ampliaci\u00f3n, donde se realiz\u00f3 el perfilado, limpieza y recuperaci\u00f3n de base de calle paralela a la colectora del Desag\u00fce Pluvial Sur y R\u00edo Dulce.<\/p>\n<p><img loading=\"lazy\" decoding=\"async\" class=\"alignnone wp-image-65561 size-large\" src=\"http:\/\/elurbanoweb.com.ar\/diario\/wp-content\/uploads\/2026\/01\/recuperacion1-1024x675.jpg\" alt=\"\" width=\"1024\" height=\"675\" srcset=\"http:\/\/elurbanoweb.com.ar\/diario\/wp-content\/uploads\/2026\/01\/recuperacion1-1024x675.jpg 1024w, http:\/\/elurbanoweb.com.ar\/diario\/wp-content\/uploads\/2026\/01\/recuperacion1-300x198.jpg 300w, http:\/\/elurbanoweb.com.ar\/diario\/wp-content\/uploads\/2026\/01\/recuperacion1-150x99.jpg 150w, http:\/\/elurbanoweb.com.ar\/diario\/wp-content\/uploads\/2026\/01\/recuperacion1.jpg 1462w\" sizes=\"auto, (max-width: 1024px) 100vw, 1024px\" \/><\/p>\n<p><!--more-->La labor, a cargo del personal municipal se concret\u00f3 con una batea y un chasis de base recuperada y durante la limpieza de la arteria se sac\u00f3 una batea y 6 chasis de basura.<\/p>\n","protected":false},"excerpt":{"rendered":"<p>La Direcci\u00f3n de Obras P\u00fablicas de la Municipalidad de la Capital avanza con los trabajos de mantenimiento de la red vial del barrio Los Flores ampliaci\u00f3n, donde se realiz\u00f3 el&hellip; <\/p>\n","protected":false},"author":1,"featured_media":65561,"comment_status":"closed","ping_status":"closed","sticky":false,"template":"","format":"standard","meta":{"footnotes":""},"categories":[3],"tags":[],"class_list":["post-65560","post","type-post","status-publish","format-standard","has-post-thumbnail","hentry","category-municipio"],"_links":{"self":[{"href":"http:\/\/elurbanoweb.com.ar\/diario\/wp-json\/wp\/v2\/posts\/65560","targetHints":{"allow":["GET"]}}],"collection":[{"href":"http:\/\/elurbanoweb.com.ar\/diario\/wp-json\/wp\/v2\/posts"}],"about":[{"href":"http:\/\/elurbanoweb.com.ar\/diario\/wp-json\/wp\/v2\/types\/post"}],"author":[{"embeddable":true,"href":"http:\/\/elurbanoweb.com.ar\/diario\/wp-json\/wp\/v2\/users\/1"}],"replies":[{"embeddable":true,"href":"http:\/\/elurbanoweb.com.ar\/diario\/wp-json\/wp\/v2\/comments?post=65560"}],"version-history":[{"count":1,"href":"http:\/\/elurbanoweb.com.ar\/diario\/wp-json\/wp\/v2\/posts\/65560\/revisions"}],"predecessor-version":[{"id":65562,"href":"http:\/\/elurbanoweb.com.ar\/diario\/wp-json\/wp\/v2\/posts\/65560\/revisions\/65562"}],"wp:featuredmedia":[{"embeddable":true,"href":"http:\/\/elurbanoweb.com.ar\/diario\/wp-json\/wp\/v2\/media\/65561"}],"wp:attachment":[{"href":"http:\/\/elurbanoweb.com.ar\/diario\/wp-json\/wp\/v2\/media?parent=65560"}],"wp:term":[{"taxonomy":"category","embeddable":true,"href":"http:\/\/elurbanoweb.com.ar\/diario\/wp-json\/wp\/v2\/categories?post=65560"},{"taxonomy":"post_tag","embeddable":true,"href":"http:\/\/elurbanoweb.com.ar\/diario\/wp-json\/wp\/v2\/tags?post=65560"}],"curies":[{"name":"wp","href":"https:\/\/api.w.org\/{rel}","templated":true}]}}