{"id":65566,"date":"2026-01-26T12:37:22","date_gmt":"2026-01-26T15:37:22","guid":{"rendered":"https:\/\/elurbanoweb.com.ar\/diario\/?p=65566"},"modified":"2026-01-26T12:37:22","modified_gmt":"2026-01-26T15:37:22","slug":"la-provincia-pagara-con-fondos-propios-la-hora-extendida-tras-agotar-los-pedidos-a-nacion","status":"publish","type":"post","link":"http:\/\/elurbanoweb.com.ar\/diario\/la-provincia-pagara-con-fondos-propios-la-hora-extendida-tras-agotar-los-pedidos-a-nacion\/","title":{"rendered":"La Provincia pagar\u00e1 con fondos propios la Hora Extendida tras agotar los pedidos a Naci\u00f3n"},"content":{"rendered":"<p>El Ministerio de Educaci\u00f3n, Ciencia y Tecnolog\u00eda de la Provincia de Santiago del Estero inform\u00f3 que el Gobierno Provincial decidi\u00f3 afrontar con recursos propios el pago de los montos adeudados correspondientes al Programa Nacional de Hora Extendida, tras haber agotado todas las instancias administrativas y formales de reclamo ante el Gobierno Nacional.<\/p>\n<p><img loading=\"lazy\" decoding=\"async\" class=\"alignnone wp-image-65567 size-large\" src=\"http:\/\/elurbanoweb.com.ar\/diario\/wp-content\/uploads\/2026\/01\/consejo2-1024x583.jpg\" alt=\"\" width=\"1024\" height=\"583\" srcset=\"http:\/\/elurbanoweb.com.ar\/diario\/wp-content\/uploads\/2026\/01\/consejo2-1024x583.jpg 1024w, http:\/\/elurbanoweb.com.ar\/diario\/wp-content\/uploads\/2026\/01\/consejo2-300x171.jpg 300w, http:\/\/elurbanoweb.com.ar\/diario\/wp-content\/uploads\/2026\/01\/consejo2-150x85.jpg 150w, http:\/\/elurbanoweb.com.ar\/diario\/wp-content\/uploads\/2026\/01\/consejo2.jpg 1200w\" sizes=\"auto, (max-width: 1024px) 100vw, 1024px\" \/><\/p>\n<p><!--more--><\/p>\n<p>Seg\u00fan se indic\u00f3 oficialmente, el pago se har\u00e1 efectivo el mi\u00e9rcoles 28 de enero e incluir\u00e1 el 50% pendiente del mes de octubre, los haberes completos de noviembre y diciembre, y el segundo Sueldo Anual Complementario (SAC), garantizando as\u00ed el cumplimiento de las obligaciones con los trabajadores alcanzados por el programa.<\/p>\n","protected":false},"excerpt":{"rendered":"<p>El Ministerio de Educaci\u00f3n, Ciencia y Tecnolog\u00eda de la Provincia de Santiago del Estero inform\u00f3 que el Gobierno Provincial decidi\u00f3 afrontar con recursos propios el pago de los montos adeudados&hellip; <\/p>\n","protected":false},"author":1,"featured_media":65567,"comment_status":"closed","ping_status":"closed","sticky":false,"template":"","format":"standard","meta":{"footnotes":""},"categories":[16],"tags":[],"class_list":["post-65566","post","type-post","status-publish","format-standard","has-post-thumbnail","hentry","category-locales"],"_links":{"self":[{"href":"http:\/\/elurbanoweb.com.ar\/diario\/wp-json\/wp\/v2\/posts\/65566","targetHints":{"allow":["GET"]}}],"collection":[{"href":"http:\/\/elurbanoweb.com.ar\/diario\/wp-json\/wp\/v2\/posts"}],"about":[{"href":"http:\/\/elurbanoweb.com.ar\/diario\/wp-json\/wp\/v2\/types\/post"}],"author":[{"embeddable":true,"href":"http:\/\/elurbanoweb.com.ar\/diario\/wp-json\/wp\/v2\/users\/1"}],"replies":[{"embeddable":true,"href":"http:\/\/elurbanoweb.com.ar\/diario\/wp-json\/wp\/v2\/comments?post=65566"}],"version-history":[{"count":1,"href":"http:\/\/elurbanoweb.com.ar\/diario\/wp-json\/wp\/v2\/posts\/65566\/revisions"}],"predecessor-version":[{"id":65568,"href":"http:\/\/elurbanoweb.com.ar\/diario\/wp-json\/wp\/v2\/posts\/65566\/revisions\/65568"}],"wp:featuredmedia":[{"embeddable":true,"href":"http:\/\/elurbanoweb.com.ar\/diario\/wp-json\/wp\/v2\/media\/65567"}],"wp:attachment":[{"href":"http:\/\/elurbanoweb.com.ar\/diario\/wp-json\/wp\/v2\/media?parent=65566"}],"wp:term":[{"taxonomy":"category","embeddable":true,"href":"http:\/\/elurbanoweb.com.ar\/diario\/wp-json\/wp\/v2\/categories?post=65566"},{"taxonomy":"post_tag","embeddable":true,"href":"http:\/\/elurbanoweb.com.ar\/diario\/wp-json\/wp\/v2\/tags?post=65566"}],"curies":[{"name":"wp","href":"https:\/\/api.w.org\/{rel}","templated":true}]}}