{"id":65569,"date":"2026-01-26T12:38:46","date_gmt":"2026-01-26T15:38:46","guid":{"rendered":"https:\/\/elurbanoweb.com.ar\/diario\/?p=65569"},"modified":"2026-01-26T12:38:46","modified_gmt":"2026-01-26T15:38:46","slug":"cronograma-semanal-de-fumigaciones-contra-mosquitos","status":"publish","type":"post","link":"http:\/\/elurbanoweb.com.ar\/diario\/cronograma-semanal-de-fumigaciones-contra-mosquitos\/","title":{"rendered":"Cronograma semanal de fumigaciones contra mosquitos"},"content":{"rendered":"<p>La Direcci\u00f3n de Calidad de Vida inform\u00f3 el cronograma de fumigaciones correspondiente a la semana que va desde el lunes 26 hasta el viernes 30, con el prop\u00f3sito de prevenir la reproducci\u00f3n de mosquitos y otros insectos.<\/p>\n<p><img loading=\"lazy\" decoding=\"async\" class=\"alignnone wp-image-65570 size-large\" src=\"http:\/\/elurbanoweb.com.ar\/diario\/wp-content\/uploads\/2026\/01\/cronograma4-1024x635.jpg\" alt=\"\" width=\"1024\" height=\"635\" srcset=\"http:\/\/elurbanoweb.com.ar\/diario\/wp-content\/uploads\/2026\/01\/cronograma4-1024x635.jpg 1024w, http:\/\/elurbanoweb.com.ar\/diario\/wp-content\/uploads\/2026\/01\/cronograma4-300x186.jpg 300w, http:\/\/elurbanoweb.com.ar\/diario\/wp-content\/uploads\/2026\/01\/cronograma4-150x93.jpg 150w, http:\/\/elurbanoweb.com.ar\/diario\/wp-content\/uploads\/2026\/01\/cronograma4.jpg 1044w\" sizes=\"auto, (max-width: 1024px) 100vw, 1024px\" \/><\/p>\n<p><!--more-->El lunes 26, los empleados trabajar\u00e1n en los barrios Villa del Carmen, N\u00e9stor Kirchner, Sixto Palavecino, Vinalar, Smata, Santa Luc\u00eda e Industria. El martes 27, fumigar\u00e1n en los barrios Siglos XX y XXI, Saint Germ\u00e9s, La Alhambra, Ej\u00e9rcito Argentino, el Parque Sur, Am\u00e9rica del Sur, Juan D\u00edaz de Sol\u00eds y Campo Contreras.<\/p>\n<p>El mi\u00e9rcoles 28, las tareas se desarrollar\u00e1n en los barrios Juramento, Sarmiento, Ram\u00f3n Carrillo, Tradici\u00f3n, Primera Junta e Inmigrantes. El jueves 29, continuar\u00e1n en los barrios Congreso, Francisco de Aguirre, S\u00e1enz Pe\u00f1a, Centenario, Rivadavia, Col\u00f3n, Juan Felipe Ibarra y Jorge Newbery.<\/p>\n<p>El viernes 30, el servicio se prestar\u00e1 en los barrios Mariano Moreno (en sus 9 ampliaciones), Libertad, San Mart\u00edn, Bosco I, II y III, Bruno Volta y Mosconi.<\/p>\n<p>Desde la repartici\u00f3n municipal solicitaron a los vecinos su colaboraci\u00f3n manteniendo la limpieza de las viviendas, eliminando los recipientes que puedan acumular agua y conservando el c\u00e9sped corto.<\/p>\n","protected":false},"excerpt":{"rendered":"<p>La Direcci\u00f3n de Calidad de Vida inform\u00f3 el cronograma de fumigaciones correspondiente a la semana que va desde el lunes 26 hasta el viernes 30, con el prop\u00f3sito de prevenir&hellip; <\/p>\n","protected":false},"author":1,"featured_media":65570,"comment_status":"closed","ping_status":"closed","sticky":false,"template":"","format":"standard","meta":{"footnotes":""},"categories":[3],"tags":[],"class_list":["post-65569","post","type-post","status-publish","format-standard","has-post-thumbnail","hentry","category-municipio"],"_links":{"self":[{"href":"http:\/\/elurbanoweb.com.ar\/diario\/wp-json\/wp\/v2\/posts\/65569","targetHints":{"allow":["GET"]}}],"collection":[{"href":"http:\/\/elurbanoweb.com.ar\/diario\/wp-json\/wp\/v2\/posts"}],"about":[{"href":"http:\/\/elurbanoweb.com.ar\/diario\/wp-json\/wp\/v2\/types\/post"}],"author":[{"embeddable":true,"href":"http:\/\/elurbanoweb.com.ar\/diario\/wp-json\/wp\/v2\/users\/1"}],"replies":[{"embeddable":true,"href":"http:\/\/elurbanoweb.com.ar\/diario\/wp-json\/wp\/v2\/comments?post=65569"}],"version-history":[{"count":1,"href":"http:\/\/elurbanoweb.com.ar\/diario\/wp-json\/wp\/v2\/posts\/65569\/revisions"}],"predecessor-version":[{"id":65571,"href":"http:\/\/elurbanoweb.com.ar\/diario\/wp-json\/wp\/v2\/posts\/65569\/revisions\/65571"}],"wp:featuredmedia":[{"embeddable":true,"href":"http:\/\/elurbanoweb.com.ar\/diario\/wp-json\/wp\/v2\/media\/65570"}],"wp:attachment":[{"href":"http:\/\/elurbanoweb.com.ar\/diario\/wp-json\/wp\/v2\/media?parent=65569"}],"wp:term":[{"taxonomy":"category","embeddable":true,"href":"http:\/\/elurbanoweb.com.ar\/diario\/wp-json\/wp\/v2\/categories?post=65569"},{"taxonomy":"post_tag","embeddable":true,"href":"http:\/\/elurbanoweb.com.ar\/diario\/wp-json\/wp\/v2\/tags?post=65569"}],"curies":[{"name":"wp","href":"https:\/\/api.w.org\/{rel}","templated":true}]}}