{"id":65575,"date":"2026-01-27T08:29:47","date_gmt":"2026-01-27T11:29:47","guid":{"rendered":"https:\/\/elurbanoweb.com.ar\/diario\/?p=65575"},"modified":"2026-01-27T08:29:47","modified_gmt":"2026-01-27T11:29:47","slug":"el-municipio-comenzo-las-tareas-de-liberacion-de-un-canal-de-desague-tapado-por-un-particular","status":"publish","type":"post","link":"http:\/\/elurbanoweb.com.ar\/diario\/el-municipio-comenzo-las-tareas-de-liberacion-de-un-canal-de-desague-tapado-por-un-particular\/","title":{"rendered":"El Municipio comenz\u00f3 las tareas de liberaci\u00f3n de un canal de desag\u00fce tapado por un particular"},"content":{"rendered":"<p>Luego de haber denunciado la obstrucci\u00f3n de 600 metros de desag\u00fce por un vecino en el barrio El Bosque y por resoluci\u00f3n del Tribunal de Faltas, la Municipalidad de La Banda lleva a cabo trabajos de liberaci\u00f3n y acondicionamiento de un canal de desag\u00fce, a trav\u00e9s de la Secretar\u00eda de Obras P\u00fablicas, Planificaci\u00f3n y Desarrollo Urbano; con el objetivo de reducir riesgos y garantizar el correcto escurrimiento del agua en beneficio de los vecinos de la zona.<\/p>\n<p><img loading=\"lazy\" decoding=\"async\" class=\"alignnone wp-image-65576 size-full\" src=\"http:\/\/elurbanoweb.com.ar\/diario\/wp-content\/uploads\/2026\/01\/liberacion.jpg\" alt=\"\" width=\"1010\" height=\"567\" srcset=\"http:\/\/elurbanoweb.com.ar\/diario\/wp-content\/uploads\/2026\/01\/liberacion.jpg 1010w, http:\/\/elurbanoweb.com.ar\/diario\/wp-content\/uploads\/2026\/01\/liberacion-300x168.jpg 300w, http:\/\/elurbanoweb.com.ar\/diario\/wp-content\/uploads\/2026\/01\/liberacion-150x84.jpg 150w\" sizes=\"auto, (max-width: 1010px) 100vw, 1010px\" \/><\/p>\n<p><!--more--><\/p>\n<p>Las tareas se realizan debido a que una parte del canal fue ocupada de manera indebida por un privado desaprensivo, situaci\u00f3n que afecta el normal funcionamiento del sistema de desag\u00fce y genera inconvenientes para los vecinos.<\/p>\n<p>En este sentido, en el sector del casco c\u00e9ntrico desde Besares hasta Moreno y desde Avellaneda hasta Quintana, el agua demora en ser escurrida debido a que este vecino, due\u00f1o de una reconocida empresa privada de piscinas, tap\u00f3 600 metros de desag\u00fces pluviales, situaci\u00f3n que fue resuelta a trav\u00e9s del Juzgado de Faltas, responsabilizando al particular de obras ejecutadas sin permiso, alteraci\u00f3n de la v\u00eda p\u00fablica, modificaci\u00f3n del escurrimiento natural, ocupaci\u00f3n indebida del dominio p\u00fablico municipal y presentaci\u00f3n irregular de documentaci\u00f3n t\u00e9cnica.<\/p>\n<p>El Tribunal de Faltas Municipal resolvi\u00f3 declararlo responsable de las infracciones con una sanci\u00f3n que incluye multa, la orden de demolici\u00f3n de las obras y la orden de restituir el espacio p\u00fablico.<\/p>\n<p>Habi\u00e9ndose vencido el plazo fijado para la ejecuci\u00f3n de las obras de demolici\u00f3n, el Municipio intervino en la ejecuci\u00f3n subsidiaria imput\u00e1ndose los costos al particular en cuesti\u00f3n.<\/p>\n<p>Desde el Municipio se remarc\u00f3 la importancia de mantener los canales de desag\u00fce libres y en condiciones, ya que cumplen un rol fundamental en la prevenci\u00f3n de anegamientos y en el cuidado de la seguridad y el bienestar de la comunidad.<\/p>\n<p>Estas acciones se enmarcan en las pol\u00edticas de ordenamiento territorial y prevenci\u00f3n impulsadas por la gesti\u00f3n municipal, priorizando la atenci\u00f3n de los reclamos vecinales y el trabajo en territorio.<\/p>\n","protected":false},"excerpt":{"rendered":"<p>Luego de haber denunciado la obstrucci\u00f3n de 600 metros de desag\u00fce por un vecino en el barrio El Bosque y por resoluci\u00f3n del Tribunal de Faltas, la Municipalidad de La&hellip; <\/p>\n","protected":false},"author":1,"featured_media":65576,"comment_status":"closed","ping_status":"closed","sticky":false,"template":"","format":"standard","meta":{"footnotes":""},"categories":[9],"tags":[],"class_list":["post-65575","post","type-post","status-publish","format-standard","has-post-thumbnail","hentry","category-la-banda"],"_links":{"self":[{"href":"http:\/\/elurbanoweb.com.ar\/diario\/wp-json\/wp\/v2\/posts\/65575","targetHints":{"allow":["GET"]}}],"collection":[{"href":"http:\/\/elurbanoweb.com.ar\/diario\/wp-json\/wp\/v2\/posts"}],"about":[{"href":"http:\/\/elurbanoweb.com.ar\/diario\/wp-json\/wp\/v2\/types\/post"}],"author":[{"embeddable":true,"href":"http:\/\/elurbanoweb.com.ar\/diario\/wp-json\/wp\/v2\/users\/1"}],"replies":[{"embeddable":true,"href":"http:\/\/elurbanoweb.com.ar\/diario\/wp-json\/wp\/v2\/comments?post=65575"}],"version-history":[{"count":1,"href":"http:\/\/elurbanoweb.com.ar\/diario\/wp-json\/wp\/v2\/posts\/65575\/revisions"}],"predecessor-version":[{"id":65577,"href":"http:\/\/elurbanoweb.com.ar\/diario\/wp-json\/wp\/v2\/posts\/65575\/revisions\/65577"}],"wp:featuredmedia":[{"embeddable":true,"href":"http:\/\/elurbanoweb.com.ar\/diario\/wp-json\/wp\/v2\/media\/65576"}],"wp:attachment":[{"href":"http:\/\/elurbanoweb.com.ar\/diario\/wp-json\/wp\/v2\/media?parent=65575"}],"wp:term":[{"taxonomy":"category","embeddable":true,"href":"http:\/\/elurbanoweb.com.ar\/diario\/wp-json\/wp\/v2\/categories?post=65575"},{"taxonomy":"post_tag","embeddable":true,"href":"http:\/\/elurbanoweb.com.ar\/diario\/wp-json\/wp\/v2\/tags?post=65575"}],"curies":[{"name":"wp","href":"https:\/\/api.w.org\/{rel}","templated":true}]}}