{"id":65578,"date":"2026-01-27T08:31:34","date_gmt":"2026-01-27T11:31:34","guid":{"rendered":"https:\/\/elurbanoweb.com.ar\/diario\/?p=65578"},"modified":"2026-01-27T08:31:34","modified_gmt":"2026-01-27T11:31:34","slug":"la-master-class-solidaria-en-beneficio-de-antto-angella-convoco-a-muchos-vecinos-solidarios","status":"publish","type":"post","link":"http:\/\/elurbanoweb.com.ar\/diario\/la-master-class-solidaria-en-beneficio-de-antto-angella-convoco-a-muchos-vecinos-solidarios\/","title":{"rendered":"La Master Class Solidaria en beneficio de Antto Angella convoc\u00f3 a muchos vecinos solidarios"},"content":{"rendered":"<p>Con el apoyo de la municipalidad de La Banda, se realiz\u00f3 con \u00e9xito la Master Class Solidaria de Ritmos en beneficio de Antto Angella que padece un astrocitoma y necesita cubrir los gastos del tratamiento m\u00e9dico.<\/p>\n<p><img loading=\"lazy\" decoding=\"async\" class=\"alignnone wp-image-65579 size-full\" src=\"http:\/\/elurbanoweb.com.ar\/diario\/wp-content\/uploads\/2026\/01\/master3.jpg\" alt=\"\" width=\"1010\" height=\"567\" srcset=\"http:\/\/elurbanoweb.com.ar\/diario\/wp-content\/uploads\/2026\/01\/master3.jpg 1010w, http:\/\/elurbanoweb.com.ar\/diario\/wp-content\/uploads\/2026\/01\/master3-300x168.jpg 300w, http:\/\/elurbanoweb.com.ar\/diario\/wp-content\/uploads\/2026\/01\/master3-150x84.jpg 150w\" sizes=\"auto, (max-width: 1010px) 100vw, 1010px\" \/><\/p>\n<p><!--more--><\/p>\n<p>Esta actividad se desarroll\u00f3 el s\u00e1bado a la tarde en el Patin\u00f3dromo Municipal y estuvo a cargo de los propietarios del Gym \u00abOptimus\u00bb que reunieron a un grupo de instructores para animar esta actividad que cont\u00f3 con una importante participaci\u00f3n de vecinos solidarios.<\/p>\n<p>Los instructores que participaron fueron Ely Fr\u00edas, Miguel G\u00f3mez y tambi\u00e9n participaron profesores como Ivana G\u00f3mez, Pato Castillo, Ely Nu\u00f1ez, Estefi Rold\u00e1n, Gaby Mansilla, Estefi G\u00f3mez, Ori Villalba, Roc\u00edo Zabala, Lucia Peralta, Vale Zin, Barbi Scheihing, Naty Toralez, Vero Bravo, Ruth Casirola e Isa Concha.<\/p>\n<p>En la oportunidad, los profes Miguel G\u00f3mez y Eli Fr\u00edas, destacaron: \u201cNuestro gimnasio \u00abOptimus\u00bb est\u00e1 a cargo de este evento que es una masterclass solidaria que hemos organizado conjuntamente con muchos profes, tanto de La Banda como de Santiago Capital.<\/p>\n<p>Aproximadamente hay 80 personas hasta el momento. La m\u00e1ster class es en beneficio de Antonella Angella que tiene una patolog\u00eda de c\u00e1ncer.<\/p>\n<p>Ella necesita mucho de la solidaridad de todos nosotros y es por eso que estamos aqu\u00ed reunidos\u00bb.<\/p>\n<p>Por su parte, Anttonela Angella expres\u00f3 lo siguiente: \u00abLos profes se comunicaron conmigo para contarme que organizaron esta M\u00e1ster Class para ayudarme porque es muy caro el tratamiento que tengo que hacer, tanto de quimio como de rayos.<\/p>\n<p>Me han derivado a C\u00f3rdoba, entonces tengo que empezar el tratamiento all\u00e1. As\u00ed que esto me ayuda bastante pero tambi\u00e9n hago ferias, sorteos y rifas, as\u00ed que el que quiera colaborar todo es bienvenido\u201d.<\/p>\n<p>\u00abQuiero agradecer a la Municipalidad de La Banda y al se\u00f1or Intendente Roger Nediani que se han portado muy bien, y no tan s\u00f3lo ahora, sino desde el momento en que empec\u00e9 con este problema de salud.<\/p>\n<p>Me hice los estudios y con todo eso tambi\u00e9n me ayudaron y estoy muy agradecida porque han difundido muy r\u00e1pido mis noticias, me han hecho varias notas, entonces m\u00e1s que palabras de agradecimiento y con toda la gente que me est\u00e1 ayudando, que es un mont\u00f3n\u00bb, finaliz\u00f3.<\/p>\n","protected":false},"excerpt":{"rendered":"<p>Con el apoyo de la municipalidad de La Banda, se realiz\u00f3 con \u00e9xito la Master Class Solidaria de Ritmos en beneficio de Antto Angella que padece un astrocitoma y necesita&hellip; <\/p>\n","protected":false},"author":1,"featured_media":65579,"comment_status":"closed","ping_status":"closed","sticky":false,"template":"","format":"standard","meta":{"footnotes":""},"categories":[9],"tags":[],"class_list":["post-65578","post","type-post","status-publish","format-standard","has-post-thumbnail","hentry","category-la-banda"],"_links":{"self":[{"href":"http:\/\/elurbanoweb.com.ar\/diario\/wp-json\/wp\/v2\/posts\/65578","targetHints":{"allow":["GET"]}}],"collection":[{"href":"http:\/\/elurbanoweb.com.ar\/diario\/wp-json\/wp\/v2\/posts"}],"about":[{"href":"http:\/\/elurbanoweb.com.ar\/diario\/wp-json\/wp\/v2\/types\/post"}],"author":[{"embeddable":true,"href":"http:\/\/elurbanoweb.com.ar\/diario\/wp-json\/wp\/v2\/users\/1"}],"replies":[{"embeddable":true,"href":"http:\/\/elurbanoweb.com.ar\/diario\/wp-json\/wp\/v2\/comments?post=65578"}],"version-history":[{"count":1,"href":"http:\/\/elurbanoweb.com.ar\/diario\/wp-json\/wp\/v2\/posts\/65578\/revisions"}],"predecessor-version":[{"id":65580,"href":"http:\/\/elurbanoweb.com.ar\/diario\/wp-json\/wp\/v2\/posts\/65578\/revisions\/65580"}],"wp:featuredmedia":[{"embeddable":true,"href":"http:\/\/elurbanoweb.com.ar\/diario\/wp-json\/wp\/v2\/media\/65579"}],"wp:attachment":[{"href":"http:\/\/elurbanoweb.com.ar\/diario\/wp-json\/wp\/v2\/media?parent=65578"}],"wp:term":[{"taxonomy":"category","embeddable":true,"href":"http:\/\/elurbanoweb.com.ar\/diario\/wp-json\/wp\/v2\/categories?post=65578"},{"taxonomy":"post_tag","embeddable":true,"href":"http:\/\/elurbanoweb.com.ar\/diario\/wp-json\/wp\/v2\/tags?post=65578"}],"curies":[{"name":"wp","href":"https:\/\/api.w.org\/{rel}","templated":true}]}}