{"id":65581,"date":"2026-01-27T08:33:07","date_gmt":"2026-01-27T11:33:07","guid":{"rendered":"https:\/\/elurbanoweb.com.ar\/diario\/?p=65581"},"modified":"2026-01-27T08:33:07","modified_gmt":"2026-01-27T11:33:07","slug":"continuan-abiertas-las-inscripciones-para-el-taller-de-programacion-para-ninos","status":"publish","type":"post","link":"http:\/\/elurbanoweb.com.ar\/diario\/continuan-abiertas-las-inscripciones-para-el-taller-de-programacion-para-ninos\/","title":{"rendered":"Contin\u00faan abiertas las inscripciones para el \u201cTaller de Programaci\u00f3n para Ni\u00f1os\u201d"},"content":{"rendered":"<p>El Punto Digital de La Banda informa que dictar\u00e1 un Taller Intensivo de Verano de Programaci\u00f3n Para Ni\u00f1os durante el mes de febrero, una propuesta did\u00e1ctica y pedag\u00f3gica pensada para que los m\u00e1s peque\u00f1os aprendan sobre programaci\u00f3n a trav\u00e9s de juegos.<\/p>\n<p><img loading=\"lazy\" decoding=\"async\" class=\"alignnone wp-image-65582 size-full\" src=\"http:\/\/elurbanoweb.com.ar\/diario\/wp-content\/uploads\/2026\/01\/programacion2.jpg\" alt=\"\" width=\"1010\" height=\"567\" srcset=\"http:\/\/elurbanoweb.com.ar\/diario\/wp-content\/uploads\/2026\/01\/programacion2.jpg 1010w, http:\/\/elurbanoweb.com.ar\/diario\/wp-content\/uploads\/2026\/01\/programacion2-300x168.jpg 300w, http:\/\/elurbanoweb.com.ar\/diario\/wp-content\/uploads\/2026\/01\/programacion2-150x84.jpg 150w\" sizes=\"auto, (max-width: 1010px) 100vw, 1010px\" \/><\/p>\n<p><!--more--><\/p>\n<p>Esta actividad es arancelada y con cupos limitados. Y se desarrollar\u00e1 en las instalaciones de la Casa del Bicentenario d\u00f3nde podr\u00e1n asistir ni\u00f1os desde los 7 hasta los 13 a\u00f1os de edad, divididos en cuatro comisiones.<\/p>\n<p>Las comisiones de los d\u00edas lunes y mi\u00e9rcoles, tendr\u00e1n los siguientes horarios, de 18:30 a 19:30 y de 19:30 a 20:30. Los encuentros dar\u00e1n inicio el lunes 2 de febrero.<\/p>\n<p>Mientras que las comisiones de los martes y jueves, tendr\u00e1n los siguientes horarios, de 18:30 a 19:30 y de 19:30 a 20:30. Los encuentros comenzar\u00e1n el martes 3 de febrero.<\/p>\n<p>Los interesados pueden solicitar m\u00e1s informaci\u00f3n o inscribirse directamente en la Casa del Bicentenario, situada en Av. Besares y Garay. Sino a trav\u00e9s del siguiente n\u00famero 3855823707.<\/p>\n","protected":false},"excerpt":{"rendered":"<p>El Punto Digital de La Banda informa que dictar\u00e1 un Taller Intensivo de Verano de Programaci\u00f3n Para Ni\u00f1os durante el mes de febrero, una propuesta did\u00e1ctica y pedag\u00f3gica pensada para&hellip; <\/p>\n","protected":false},"author":1,"featured_media":65582,"comment_status":"closed","ping_status":"closed","sticky":false,"template":"","format":"standard","meta":{"footnotes":""},"categories":[9],"tags":[],"class_list":["post-65581","post","type-post","status-publish","format-standard","has-post-thumbnail","hentry","category-la-banda"],"_links":{"self":[{"href":"http:\/\/elurbanoweb.com.ar\/diario\/wp-json\/wp\/v2\/posts\/65581","targetHints":{"allow":["GET"]}}],"collection":[{"href":"http:\/\/elurbanoweb.com.ar\/diario\/wp-json\/wp\/v2\/posts"}],"about":[{"href":"http:\/\/elurbanoweb.com.ar\/diario\/wp-json\/wp\/v2\/types\/post"}],"author":[{"embeddable":true,"href":"http:\/\/elurbanoweb.com.ar\/diario\/wp-json\/wp\/v2\/users\/1"}],"replies":[{"embeddable":true,"href":"http:\/\/elurbanoweb.com.ar\/diario\/wp-json\/wp\/v2\/comments?post=65581"}],"version-history":[{"count":1,"href":"http:\/\/elurbanoweb.com.ar\/diario\/wp-json\/wp\/v2\/posts\/65581\/revisions"}],"predecessor-version":[{"id":65583,"href":"http:\/\/elurbanoweb.com.ar\/diario\/wp-json\/wp\/v2\/posts\/65581\/revisions\/65583"}],"wp:featuredmedia":[{"embeddable":true,"href":"http:\/\/elurbanoweb.com.ar\/diario\/wp-json\/wp\/v2\/media\/65582"}],"wp:attachment":[{"href":"http:\/\/elurbanoweb.com.ar\/diario\/wp-json\/wp\/v2\/media?parent=65581"}],"wp:term":[{"taxonomy":"category","embeddable":true,"href":"http:\/\/elurbanoweb.com.ar\/diario\/wp-json\/wp\/v2\/categories?post=65581"},{"taxonomy":"post_tag","embeddable":true,"href":"http:\/\/elurbanoweb.com.ar\/diario\/wp-json\/wp\/v2\/tags?post=65581"}],"curies":[{"name":"wp","href":"https:\/\/api.w.org\/{rel}","templated":true}]}}