{"id":65587,"date":"2026-01-27T08:41:41","date_gmt":"2026-01-27T11:41:41","guid":{"rendered":"https:\/\/elurbanoweb.com.ar\/diario\/?p=65587"},"modified":"2026-01-27T08:41:41","modified_gmt":"2026-01-27T11:41:41","slug":"se-realizara-el-corte-de-calle-3-de-febrero-por-reparacion-de-caneria-de-agua","status":"publish","type":"post","link":"http:\/\/elurbanoweb.com.ar\/diario\/se-realizara-el-corte-de-calle-3-de-febrero-por-reparacion-de-caneria-de-agua\/","title":{"rendered":"Se realizar\u00e1 el corte de calle 3 de Febrero por reparaci\u00f3n de ca\u00f1er\u00eda de agua"},"content":{"rendered":"<p>La Direcci\u00f3n de Tr\u00e1nsito de la Municipalidad de la Capital informa que el martes 27 de enero, se realizar\u00e1 el corte de calle 3 de Febrero entre Buenos Aires y Francisco Jacques, debido a trabajos de reparaci\u00f3n de ca\u00f1er\u00eda de agua que llevar\u00e1 adelante la empresa distribuidora.<\/p>\n<p><img loading=\"lazy\" decoding=\"async\" class=\"alignnone wp-image-65588 size-large\" src=\"http:\/\/elurbanoweb.com.ar\/diario\/wp-content\/uploads\/2026\/01\/corte2-1-1024x682.jpg\" alt=\"\" width=\"1024\" height=\"682\" srcset=\"http:\/\/elurbanoweb.com.ar\/diario\/wp-content\/uploads\/2026\/01\/corte2-1-1024x682.jpg 1024w, http:\/\/elurbanoweb.com.ar\/diario\/wp-content\/uploads\/2026\/01\/corte2-1-300x200.jpg 300w, http:\/\/elurbanoweb.com.ar\/diario\/wp-content\/uploads\/2026\/01\/corte2-1-150x100.jpg 150w, http:\/\/elurbanoweb.com.ar\/diario\/wp-content\/uploads\/2026\/01\/corte2-1-1536x1023.jpg 1536w, http:\/\/elurbanoweb.com.ar\/diario\/wp-content\/uploads\/2026\/01\/corte2-1.jpg 1600w\" sizes=\"auto, (max-width: 1024px) 100vw, 1024px\" \/><\/p>\n<p><!--more--><\/p>\n<p>La medida se har\u00e1 efectiva a partir de las 7 y se extender\u00e1 hasta concluidas las tareas de reconstrucci\u00f3n y mantenimiento.<\/p>\n","protected":false},"excerpt":{"rendered":"<p>La Direcci\u00f3n de Tr\u00e1nsito de la Municipalidad de la Capital informa que el martes 27 de enero, se realizar\u00e1 el corte de calle 3 de Febrero entre Buenos Aires y&hellip; <\/p>\n","protected":false},"author":1,"featured_media":65588,"comment_status":"closed","ping_status":"closed","sticky":false,"template":"","format":"standard","meta":{"footnotes":""},"categories":[3],"tags":[],"class_list":["post-65587","post","type-post","status-publish","format-standard","has-post-thumbnail","hentry","category-municipio"],"_links":{"self":[{"href":"http:\/\/elurbanoweb.com.ar\/diario\/wp-json\/wp\/v2\/posts\/65587","targetHints":{"allow":["GET"]}}],"collection":[{"href":"http:\/\/elurbanoweb.com.ar\/diario\/wp-json\/wp\/v2\/posts"}],"about":[{"href":"http:\/\/elurbanoweb.com.ar\/diario\/wp-json\/wp\/v2\/types\/post"}],"author":[{"embeddable":true,"href":"http:\/\/elurbanoweb.com.ar\/diario\/wp-json\/wp\/v2\/users\/1"}],"replies":[{"embeddable":true,"href":"http:\/\/elurbanoweb.com.ar\/diario\/wp-json\/wp\/v2\/comments?post=65587"}],"version-history":[{"count":1,"href":"http:\/\/elurbanoweb.com.ar\/diario\/wp-json\/wp\/v2\/posts\/65587\/revisions"}],"predecessor-version":[{"id":65589,"href":"http:\/\/elurbanoweb.com.ar\/diario\/wp-json\/wp\/v2\/posts\/65587\/revisions\/65589"}],"wp:featuredmedia":[{"embeddable":true,"href":"http:\/\/elurbanoweb.com.ar\/diario\/wp-json\/wp\/v2\/media\/65588"}],"wp:attachment":[{"href":"http:\/\/elurbanoweb.com.ar\/diario\/wp-json\/wp\/v2\/media?parent=65587"}],"wp:term":[{"taxonomy":"category","embeddable":true,"href":"http:\/\/elurbanoweb.com.ar\/diario\/wp-json\/wp\/v2\/categories?post=65587"},{"taxonomy":"post_tag","embeddable":true,"href":"http:\/\/elurbanoweb.com.ar\/diario\/wp-json\/wp\/v2\/tags?post=65587"}],"curies":[{"name":"wp","href":"https:\/\/api.w.org\/{rel}","templated":true}]}}