{"id":65593,"date":"2026-01-27T08:45:58","date_gmt":"2026-01-27T11:45:58","guid":{"rendered":"https:\/\/elurbanoweb.com.ar\/diario\/?p=65593"},"modified":"2026-01-27T08:45:58","modified_gmt":"2026-01-27T11:45:58","slug":"villa-atamisqui-vibro-con-la-apertura-del-ciclo-cultural-homenajes-musica-y-tradicion-en-la-plaza-central","status":"publish","type":"post","link":"http:\/\/elurbanoweb.com.ar\/diario\/villa-atamisqui-vibro-con-la-apertura-del-ciclo-cultural-homenajes-musica-y-tradicion-en-la-plaza-central\/","title":{"rendered":"Villa Atamisqui vibr\u00f3 con la apertura del Ciclo Cultural: homenajes, m\u00fasica y tradici\u00f3n en la plaza central"},"content":{"rendered":"<p>Bajo el lema \u201cUn domingo atamisque\u00f1o no es un domingo cualquiera\u201d, el intendente V\u00edctor Rosales dio inicio a esta propuesta que busca fortalecer la identidad local. Durante la jornada se rindi\u00f3 tributo a grandes referentes como Leo Dan y se record\u00f3 con emoci\u00f3n a artistas fallecidos.<\/p>\n<p><img loading=\"lazy\" decoding=\"async\" class=\"alignnone wp-image-65594 size-large\" src=\"http:\/\/elurbanoweb.com.ar\/diario\/wp-content\/uploads\/2026\/01\/musica1-1024x660.jpeg\" alt=\"\" width=\"1024\" height=\"660\" srcset=\"http:\/\/elurbanoweb.com.ar\/diario\/wp-content\/uploads\/2026\/01\/musica1-1024x660.jpeg 1024w, http:\/\/elurbanoweb.com.ar\/diario\/wp-content\/uploads\/2026\/01\/musica1-300x193.jpeg 300w, http:\/\/elurbanoweb.com.ar\/diario\/wp-content\/uploads\/2026\/01\/musica1-150x97.jpeg 150w, http:\/\/elurbanoweb.com.ar\/diario\/wp-content\/uploads\/2026\/01\/musica1.jpeg 1439w\" sizes=\"auto, (max-width: 1024px) 100vw, 1024px\" \/><\/p>\n<p><!--more--><\/p>\n<p>Villa Atamisqui vivi\u00f3 una jornada cargada de emoci\u00f3n y sentido de pertenencia con la apertura oficial del Ciclo Cultural Atamisque\u00f1o. El evento, desarrollado en la plaza principal del pueblo, se convirti\u00f3 en un gran espacio de encuentro comunitario donde el folklore, el chamam\u00e9 y las danzas tradicionales fueron los protagonistas.<\/p>\n<p>La ceremonia estuvo encabezada por el intendente, Ing. V\u00edctor Rosales, junto a la Directora de Cultura, Turismo y Deporte, Valeria R\u00edos. Ambos destacaron que el objetivo central de esta iniciativa es revalorizar las ra\u00edces de una de las localidades m\u00e1s antiguas y culturales de la provincia.<\/p>\n<p>Reconocimientos a los embajadores del arte<br \/>\nUno de los momentos m\u00e1s destacados de la tarde fue la entrega de distinciones a personalidades que llevan el nombre de Atamisqui a lo alto. Entre las menciones especiales figuraron:<\/p>\n<p>Leopoldo Dante T\u00e9vez (Leo Dan): Por su invaluable trayectoria internacional.<\/p>\n<p>Berta Ponce: En representaci\u00f3n de las teleras, pilares de la identidad artesanal.<\/p>\n<p>Agrupaci\u00f3n Tradicionalista Atamisqui Manta y Pascual Ch\u00e1vez (Sachamanta).<\/p>\n<p>La nostalgia se hizo presente cuando la comunidad rindi\u00f3 tributo a aquellos artistas que ya no est\u00e1n f\u00edsicamente pero cuya huella permanece viva. Se entregaron reconocimientos en memoria de Chicho Ag\u00fcero y Fabi\u00e1n Barraza, gestos que fueron recibidos con cerrados aplausos por las familias presentes.<\/p>\n<p>El escenario se llen\u00f3 de talento con la participaci\u00f3n de diversos artistas locales como Marcelo Far\u00edas, Gallito T\u00e9vez, Onda Chamamecera, Franquito Mattar, Nigui Baigorri, Franco Baigorri, Ludmila Montenegro, Mat\u00edas Zarco y Pasi\u00f3n Chamamecera.<\/p>\n<p>Asimismo, las academias de danzas folkl\u00f3ricas aportaron el color y el movimiento bajo la gu\u00eda de los profesores Ren\u00e9 Rold\u00e1n, Adri\u00e1n Torres, Erick Barraza y Dar\u00edo Dom\u00ednguez. \u201cQueremos que cada domingo sea un espacio de encuentro, memoria y proyecci\u00f3n cultural, fortaleciendo el valor del arte y nuestras tradiciones\u201d, expres\u00f3 el Ing. Rosales al cierre de la jornada.<\/p>\n","protected":false},"excerpt":{"rendered":"<p>Bajo el lema \u201cUn domingo atamisque\u00f1o no es un domingo cualquiera\u201d, el intendente V\u00edctor Rosales dio inicio a esta propuesta que busca fortalecer la identidad local. Durante la jornada se&hellip; <\/p>\n","protected":false},"author":1,"featured_media":65594,"comment_status":"closed","ping_status":"closed","sticky":false,"template":"","format":"standard","meta":{"footnotes":""},"categories":[10],"tags":[],"class_list":["post-65593","post","type-post","status-publish","format-standard","has-post-thumbnail","hentry","category-interior"],"_links":{"self":[{"href":"http:\/\/elurbanoweb.com.ar\/diario\/wp-json\/wp\/v2\/posts\/65593","targetHints":{"allow":["GET"]}}],"collection":[{"href":"http:\/\/elurbanoweb.com.ar\/diario\/wp-json\/wp\/v2\/posts"}],"about":[{"href":"http:\/\/elurbanoweb.com.ar\/diario\/wp-json\/wp\/v2\/types\/post"}],"author":[{"embeddable":true,"href":"http:\/\/elurbanoweb.com.ar\/diario\/wp-json\/wp\/v2\/users\/1"}],"replies":[{"embeddable":true,"href":"http:\/\/elurbanoweb.com.ar\/diario\/wp-json\/wp\/v2\/comments?post=65593"}],"version-history":[{"count":1,"href":"http:\/\/elurbanoweb.com.ar\/diario\/wp-json\/wp\/v2\/posts\/65593\/revisions"}],"predecessor-version":[{"id":65595,"href":"http:\/\/elurbanoweb.com.ar\/diario\/wp-json\/wp\/v2\/posts\/65593\/revisions\/65595"}],"wp:featuredmedia":[{"embeddable":true,"href":"http:\/\/elurbanoweb.com.ar\/diario\/wp-json\/wp\/v2\/media\/65594"}],"wp:attachment":[{"href":"http:\/\/elurbanoweb.com.ar\/diario\/wp-json\/wp\/v2\/media?parent=65593"}],"wp:term":[{"taxonomy":"category","embeddable":true,"href":"http:\/\/elurbanoweb.com.ar\/diario\/wp-json\/wp\/v2\/categories?post=65593"},{"taxonomy":"post_tag","embeddable":true,"href":"http:\/\/elurbanoweb.com.ar\/diario\/wp-json\/wp\/v2\/tags?post=65593"}],"curies":[{"name":"wp","href":"https:\/\/api.w.org\/{rel}","templated":true}]}}