{"id":65596,"date":"2026-01-27T08:47:20","date_gmt":"2026-01-27T11:47:20","guid":{"rendered":"https:\/\/elurbanoweb.com.ar\/diario\/?p=65596"},"modified":"2026-01-27T08:47:20","modified_gmt":"2026-01-27T11:47:20","slug":"durante-el-fin-de-semana-las-familias-disfrutaron-de-santiago-es-tu-rio","status":"publish","type":"post","link":"http:\/\/elurbanoweb.com.ar\/diario\/durante-el-fin-de-semana-las-familias-disfrutaron-de-santiago-es-tu-rio\/","title":{"rendered":"Durante el fin de semana las familias disfrutaron de Santiago es tu R\u00edo"},"content":{"rendered":"<p>El pasado fin de semana, el predio de Santiago es tu R\u00edo volvi\u00f3 a recibir a una multitud de familias y grupos de amigos que participaron de las variadas actividades que se desarrollan en el espacio recreativo de verano al aire libre.<\/p>\n<p><img loading=\"lazy\" decoding=\"async\" class=\"alignnone wp-image-65597 size-full\" src=\"http:\/\/elurbanoweb.com.ar\/diario\/wp-content\/uploads\/2026\/01\/disfrute.jpg\" alt=\"\" width=\"1010\" height=\"567\" srcset=\"http:\/\/elurbanoweb.com.ar\/diario\/wp-content\/uploads\/2026\/01\/disfrute.jpg 1010w, http:\/\/elurbanoweb.com.ar\/diario\/wp-content\/uploads\/2026\/01\/disfrute-300x168.jpg 300w, http:\/\/elurbanoweb.com.ar\/diario\/wp-content\/uploads\/2026\/01\/disfrute-150x84.jpg 150w\" sizes=\"auto, (max-width: 1010px) 100vw, 1010px\" \/><\/p>\n<p><!--more-->Con un operativo especial de seguridad dise\u00f1ado ante la crecida del R\u00edo Dulce, los vecinos se congregaron masivamente para disfrutar del encuentro, en un entorno custodiado por guardavidas y fuerzas de seguridad.<\/p>\n<p>En esta oportunidad, hubo observaciones astron\u00f3micas a trav\u00e9s de telescopios y otros artefactos espec\u00edficos, bajo la coordinaci\u00f3n y gu\u00eda de especialistas en el cosmos y el espacio exterior.<\/p>\n<p>Tambi\u00e9n se realizaron deportes de arena, la tradicional feria de artesanos y emprendedores, shows de m\u00fasica en vivo, carpas tecnol\u00f3gicas con juegos de realidad virtual y clases de bailes, entre muchas otras atracciones.<\/p>\n","protected":false},"excerpt":{"rendered":"<p>El pasado fin de semana, el predio de Santiago es tu R\u00edo volvi\u00f3 a recibir a una multitud de familias y grupos de amigos que participaron de las variadas actividades&hellip; <\/p>\n","protected":false},"author":1,"featured_media":65597,"comment_status":"closed","ping_status":"closed","sticky":false,"template":"","format":"standard","meta":{"footnotes":""},"categories":[3],"tags":[],"class_list":["post-65596","post","type-post","status-publish","format-standard","has-post-thumbnail","hentry","category-municipio"],"_links":{"self":[{"href":"http:\/\/elurbanoweb.com.ar\/diario\/wp-json\/wp\/v2\/posts\/65596","targetHints":{"allow":["GET"]}}],"collection":[{"href":"http:\/\/elurbanoweb.com.ar\/diario\/wp-json\/wp\/v2\/posts"}],"about":[{"href":"http:\/\/elurbanoweb.com.ar\/diario\/wp-json\/wp\/v2\/types\/post"}],"author":[{"embeddable":true,"href":"http:\/\/elurbanoweb.com.ar\/diario\/wp-json\/wp\/v2\/users\/1"}],"replies":[{"embeddable":true,"href":"http:\/\/elurbanoweb.com.ar\/diario\/wp-json\/wp\/v2\/comments?post=65596"}],"version-history":[{"count":1,"href":"http:\/\/elurbanoweb.com.ar\/diario\/wp-json\/wp\/v2\/posts\/65596\/revisions"}],"predecessor-version":[{"id":65598,"href":"http:\/\/elurbanoweb.com.ar\/diario\/wp-json\/wp\/v2\/posts\/65596\/revisions\/65598"}],"wp:featuredmedia":[{"embeddable":true,"href":"http:\/\/elurbanoweb.com.ar\/diario\/wp-json\/wp\/v2\/media\/65597"}],"wp:attachment":[{"href":"http:\/\/elurbanoweb.com.ar\/diario\/wp-json\/wp\/v2\/media?parent=65596"}],"wp:term":[{"taxonomy":"category","embeddable":true,"href":"http:\/\/elurbanoweb.com.ar\/diario\/wp-json\/wp\/v2\/categories?post=65596"},{"taxonomy":"post_tag","embeddable":true,"href":"http:\/\/elurbanoweb.com.ar\/diario\/wp-json\/wp\/v2\/tags?post=65596"}],"curies":[{"name":"wp","href":"https:\/\/api.w.org\/{rel}","templated":true}]}}