{"id":65599,"date":"2026-01-27T08:49:40","date_gmt":"2026-01-27T11:49:40","guid":{"rendered":"https:\/\/elurbanoweb.com.ar\/diario\/?p=65599"},"modified":"2026-01-27T08:49:40","modified_gmt":"2026-01-27T11:49:40","slug":"importante-participacion-de-vecinos-en-el-festival-sustentable","status":"publish","type":"post","link":"http:\/\/elurbanoweb.com.ar\/diario\/importante-participacion-de-vecinos-en-el-festival-sustentable\/","title":{"rendered":"Importante participaci\u00f3n de vecinos en el festival sustentable"},"content":{"rendered":"<p>Con una importante presencia de p\u00fablico y con la finalidad de promover pr\u00e1cticas responsables con el medio ambiente, la Municipalidad de la Capital llev\u00f3 a cabo una nueva edici\u00f3n del Festival Sustentable \u201cEncuentro en el Parque\u201d en las instalaciones del Parque del Encuentro.<\/p>\n<p><img loading=\"lazy\" decoding=\"async\" class=\"alignnone wp-image-65600 size-large\" src=\"http:\/\/elurbanoweb.com.ar\/diario\/wp-content\/uploads\/2026\/01\/virginia-1024x682.jpg\" alt=\"\" width=\"1024\" height=\"682\" srcset=\"http:\/\/elurbanoweb.com.ar\/diario\/wp-content\/uploads\/2026\/01\/virginia-1024x682.jpg 1024w, http:\/\/elurbanoweb.com.ar\/diario\/wp-content\/uploads\/2026\/01\/virginia-300x200.jpg 300w, http:\/\/elurbanoweb.com.ar\/diario\/wp-content\/uploads\/2026\/01\/virginia-150x100.jpg 150w, http:\/\/elurbanoweb.com.ar\/diario\/wp-content\/uploads\/2026\/01\/virginia-1536x1023.jpg 1536w, http:\/\/elurbanoweb.com.ar\/diario\/wp-content\/uploads\/2026\/01\/virginia.jpg 1600w\" sizes=\"auto, (max-width: 1024px) 100vw, 1024px\" \/><\/p>\n<p><!--more-->El espacio, de acceso libre y gratuito, logr\u00f3 atraer la participaci\u00f3n e inter\u00e9s de numerosas familias con propuestas de entretenimiento, educaci\u00f3n y conciencia ambiental.<\/p>\n<p>Como en cada edici\u00f3n, estuvieron presentes la feria de emprendedores con productos artesanales locales, bandas de m\u00fasica en vivo, DJs y academias de danzas.<\/p>\n","protected":false},"excerpt":{"rendered":"<p>Con una importante presencia de p\u00fablico y con la finalidad de promover pr\u00e1cticas responsables con el medio ambiente, la Municipalidad de la Capital llev\u00f3 a cabo una nueva edici\u00f3n del&hellip; <\/p>\n","protected":false},"author":1,"featured_media":65600,"comment_status":"closed","ping_status":"closed","sticky":false,"template":"","format":"standard","meta":{"footnotes":""},"categories":[3],"tags":[],"class_list":["post-65599","post","type-post","status-publish","format-standard","has-post-thumbnail","hentry","category-municipio"],"_links":{"self":[{"href":"http:\/\/elurbanoweb.com.ar\/diario\/wp-json\/wp\/v2\/posts\/65599","targetHints":{"allow":["GET"]}}],"collection":[{"href":"http:\/\/elurbanoweb.com.ar\/diario\/wp-json\/wp\/v2\/posts"}],"about":[{"href":"http:\/\/elurbanoweb.com.ar\/diario\/wp-json\/wp\/v2\/types\/post"}],"author":[{"embeddable":true,"href":"http:\/\/elurbanoweb.com.ar\/diario\/wp-json\/wp\/v2\/users\/1"}],"replies":[{"embeddable":true,"href":"http:\/\/elurbanoweb.com.ar\/diario\/wp-json\/wp\/v2\/comments?post=65599"}],"version-history":[{"count":1,"href":"http:\/\/elurbanoweb.com.ar\/diario\/wp-json\/wp\/v2\/posts\/65599\/revisions"}],"predecessor-version":[{"id":65601,"href":"http:\/\/elurbanoweb.com.ar\/diario\/wp-json\/wp\/v2\/posts\/65599\/revisions\/65601"}],"wp:featuredmedia":[{"embeddable":true,"href":"http:\/\/elurbanoweb.com.ar\/diario\/wp-json\/wp\/v2\/media\/65600"}],"wp:attachment":[{"href":"http:\/\/elurbanoweb.com.ar\/diario\/wp-json\/wp\/v2\/media?parent=65599"}],"wp:term":[{"taxonomy":"category","embeddable":true,"href":"http:\/\/elurbanoweb.com.ar\/diario\/wp-json\/wp\/v2\/categories?post=65599"},{"taxonomy":"post_tag","embeddable":true,"href":"http:\/\/elurbanoweb.com.ar\/diario\/wp-json\/wp\/v2\/tags?post=65599"}],"curies":[{"name":"wp","href":"https:\/\/api.w.org\/{rel}","templated":true}]}}