{"id":65602,"date":"2026-01-27T08:50:48","date_gmt":"2026-01-27T11:50:48","guid":{"rendered":"https:\/\/elurbanoweb.com.ar\/diario\/?p=65602"},"modified":"2026-01-27T08:50:48","modified_gmt":"2026-01-27T11:50:48","slug":"la-canada-concreto-una-nueva-entrega-de-medicamentos-al-hospital-distrital","status":"publish","type":"post","link":"http:\/\/elurbanoweb.com.ar\/diario\/la-canada-concreto-una-nueva-entrega-de-medicamentos-al-hospital-distrital\/","title":{"rendered":"La Ca\u00f1ada concret\u00f3 una nueva entrega de medicamentos al Hospital Distrital"},"content":{"rendered":"<p>La Comisi\u00f3n Municipal de La Ca\u00f1ada concret\u00f3 una nueva entrega de medicamentos al Hospital Distrital de la localidad, en el marco de las acciones permanentes que se llevan adelante para fortalecer el sistema de salud y garantizar el acceso a insumos esenciales para los vecinos y vecinas.<\/p>\n<p><img loading=\"lazy\" decoding=\"async\" class=\"alignnone wp-image-65603 size-large\" src=\"http:\/\/elurbanoweb.com.ar\/diario\/wp-content\/uploads\/2026\/01\/entrega1-1024x576.jpg\" alt=\"\" width=\"1024\" height=\"576\" srcset=\"http:\/\/elurbanoweb.com.ar\/diario\/wp-content\/uploads\/2026\/01\/entrega1-1024x576.jpg 1024w, http:\/\/elurbanoweb.com.ar\/diario\/wp-content\/uploads\/2026\/01\/entrega1-300x169.jpg 300w, http:\/\/elurbanoweb.com.ar\/diario\/wp-content\/uploads\/2026\/01\/entrega1-150x84.jpg 150w, http:\/\/elurbanoweb.com.ar\/diario\/wp-content\/uploads\/2026\/01\/entrega1-1536x864.jpg 1536w, http:\/\/elurbanoweb.com.ar\/diario\/wp-content\/uploads\/2026\/01\/entrega1.jpg 1600w\" sizes=\"auto, (max-width: 1024px) 100vw, 1024px\" \/><\/p>\n<p><!--more--><\/p>\n<p>La entrega se realiz\u00f3 en coordinaci\u00f3n con las autoridades del hospital y forma parte de una pol\u00edtica de acompa\u00f1amiento sostenido al centro de salud, atendiendo las necesidades cotidianas de la comunidad y reforzando la atenci\u00f3n sanitaria en el \u00e1mbito local.<\/p>\n<p>Al respecto, el comisionado municipal Cristian Abiakel destac\u00f3 la importancia de este tipo de acciones y remarc\u00f3 el compromiso de la gesti\u00f3n con la salud p\u00fablica: \u201cTrabajamos de manera constante para que nuestro hospital cuente con los medicamentos y recursos necesarios. La salud de nuestros vecinos es una prioridad y estas entregas son una muestra concreta de ese compromiso\u201d, expres\u00f3.<\/p>\n<p>Abiakel tambi\u00e9n agradeci\u00f3 especialmente al director del Hospital Distrital, Dr. Abalos Mussi, por su predisposici\u00f3n y trabajo conjunto: \u201cValoramos profundamente la gesti\u00f3n del doctor Abalos Mussi y el trabajo articulado que venimos realizando, siempre con el objetivo de mejorar la atenci\u00f3n y dar respuestas a la comunidad\u201d, se\u00f1al\u00f3.<\/p>\n<p>Asimismo, el comisionado municipal destac\u00f3 el acompa\u00f1amiento del Gobierno de la Provincia, subrayando su rol fundamental para el fortalecimiento del sistema sanitario: \u201cEl apoyo permanente del Gobierno provincial es clave para seguir garantizando el acceso a la salud en cada rinc\u00f3n del interior. Este trabajo conjunto nos permite llegar con soluciones concretas a nuestra gente\u201d, concluy\u00f3.<\/p>\n<p>Desde la Comisi\u00f3n Municipal reafirmaron que estas acciones continuar\u00e1n desarroll\u00e1ndose como parte de una pol\u00edtica integral orientada a mejorar la calidad de vida y el bienestar de la poblaci\u00f3n de La Ca\u00f1ada.<\/p>\n","protected":false},"excerpt":{"rendered":"<p>La Comisi\u00f3n Municipal de La Ca\u00f1ada concret\u00f3 una nueva entrega de medicamentos al Hospital Distrital de la localidad, en el marco de las acciones permanentes que se llevan adelante para&hellip; <\/p>\n","protected":false},"author":1,"featured_media":65603,"comment_status":"closed","ping_status":"closed","sticky":false,"template":"","format":"standard","meta":{"footnotes":""},"categories":[10],"tags":[],"class_list":["post-65602","post","type-post","status-publish","format-standard","has-post-thumbnail","hentry","category-interior"],"_links":{"self":[{"href":"http:\/\/elurbanoweb.com.ar\/diario\/wp-json\/wp\/v2\/posts\/65602","targetHints":{"allow":["GET"]}}],"collection":[{"href":"http:\/\/elurbanoweb.com.ar\/diario\/wp-json\/wp\/v2\/posts"}],"about":[{"href":"http:\/\/elurbanoweb.com.ar\/diario\/wp-json\/wp\/v2\/types\/post"}],"author":[{"embeddable":true,"href":"http:\/\/elurbanoweb.com.ar\/diario\/wp-json\/wp\/v2\/users\/1"}],"replies":[{"embeddable":true,"href":"http:\/\/elurbanoweb.com.ar\/diario\/wp-json\/wp\/v2\/comments?post=65602"}],"version-history":[{"count":1,"href":"http:\/\/elurbanoweb.com.ar\/diario\/wp-json\/wp\/v2\/posts\/65602\/revisions"}],"predecessor-version":[{"id":65604,"href":"http:\/\/elurbanoweb.com.ar\/diario\/wp-json\/wp\/v2\/posts\/65602\/revisions\/65604"}],"wp:featuredmedia":[{"embeddable":true,"href":"http:\/\/elurbanoweb.com.ar\/diario\/wp-json\/wp\/v2\/media\/65603"}],"wp:attachment":[{"href":"http:\/\/elurbanoweb.com.ar\/diario\/wp-json\/wp\/v2\/media?parent=65602"}],"wp:term":[{"taxonomy":"category","embeddable":true,"href":"http:\/\/elurbanoweb.com.ar\/diario\/wp-json\/wp\/v2\/categories?post=65602"},{"taxonomy":"post_tag","embeddable":true,"href":"http:\/\/elurbanoweb.com.ar\/diario\/wp-json\/wp\/v2\/tags?post=65602"}],"curies":[{"name":"wp","href":"https:\/\/api.w.org\/{rel}","templated":true}]}}