{"id":65605,"date":"2026-01-27T08:52:37","date_gmt":"2026-01-27T11:52:37","guid":{"rendered":"https:\/\/elurbanoweb.com.ar\/diario\/?p=65605"},"modified":"2026-01-27T08:52:37","modified_gmt":"2026-01-27T11:52:37","slug":"santiago-del-estero-entre-las-diez-provincias-que-mas-fondos-federales-perderan-con-la-reforma-laboral-de-milei","status":"publish","type":"post","link":"http:\/\/elurbanoweb.com.ar\/diario\/santiago-del-estero-entre-las-diez-provincias-que-mas-fondos-federales-perderan-con-la-reforma-laboral-de-milei\/","title":{"rendered":"Santiago del Estero entre las diez provincias que m\u00e1s fondos federales perder\u00e1n con la reforma laboral de Milei"},"content":{"rendered":"<p>La letra chica de la reforma laboral del Gobierno esconde un ajuste sin precedentes para las provincias. Gracias a las distintas modificaciones impositivas que contiene el texto, el monto para distribuir entre los distritos se reducir\u00eda en $ 1,9 billones, con gobernadores que comenzaron a sacar cuentas y a palpar el verdadero costo fiscal de la iniciativa libertaria. La provincia de Buenos Aires ocupa el primer puesto de las m\u00e1s perjudicadas.<\/p>\n<p><img loading=\"lazy\" decoding=\"async\" class=\"alignnone wp-image-65606 size-large\" src=\"http:\/\/elurbanoweb.com.ar\/diario\/wp-content\/uploads\/2026\/01\/barra0-1024x576.jpg\" alt=\"\" width=\"1024\" height=\"576\" srcset=\"http:\/\/elurbanoweb.com.ar\/diario\/wp-content\/uploads\/2026\/01\/barra0-1024x576.jpg 1024w, http:\/\/elurbanoweb.com.ar\/diario\/wp-content\/uploads\/2026\/01\/barra0-300x169.jpg 300w, http:\/\/elurbanoweb.com.ar\/diario\/wp-content\/uploads\/2026\/01\/barra0-150x84.jpg 150w, http:\/\/elurbanoweb.com.ar\/diario\/wp-content\/uploads\/2026\/01\/barra0.jpg 1140w\" sizes=\"auto, (max-width: 1024px) 100vw, 1024px\" \/><\/p>\n<p><!--more--><\/p>\n<p>El dato sobre el nuevo golpe a las arcas subsoberanas que ensaya la administraci\u00f3n de Javier Milei, tras dos a\u00f1os cargados de ajustes, surge de cifras que recopil\u00f3 la Asociaci\u00f3n de Empleados Fiscales e Ingresos P\u00fablicos (Aefip). Es el sindicato que nuclea a los trabajadores de la Agencia de Recaudaci\u00f3n y Control Aduanero (ARCA) cuyo jefe es Pablo Flores. Se trata de un dirigente de 50 a\u00f1os, integrante del consejo directivo de la CGT y que se caracteriza por tener buenos lazos con todas las tribus sindicales que componen la central obrera. Pero, fundamentalmente, por contar con muy buena materia prima sobre los n\u00fameros de recaudaci\u00f3n impositiva.<\/p>\n<p>Ni bien se conoci\u00f3 el texto de modernizaci\u00f3n laboral, el gremio comenz\u00f3 a indagar los efectos en t\u00e9rminos fiscales y elabor\u00f3 un documento con esas cifras, al que tuvo acceso PERFIL. All\u00ed se plasman las cuentas de cu\u00e1nto mermar\u00eda la recaudaci\u00f3n de impuestos por los cambios tributarios y, por lo tanto, cu\u00e1nto menos dejar\u00e1 de recibir cada provincia. Conforme a la ley 23.548, en la distribuci\u00f3n de la masa coparticipable se le asigna a Naci\u00f3n un 40%, un 1% a los aportes del Tesoro Nacional (ATN) y un 59% para las jurisdicciones subnacionales.<\/p>\n<p>En concreto, la creaci\u00f3n del Fondo de Asistencia Laboral (FAL), una herramienta financiera para que el empleador prevea y afronte obligaciones indemnizatorias, implica 3 puntos de la masa salarial. Esto ser\u00e1 financiado gracias a la reducci\u00f3n de 3 puntos en contribuciones patronales. Por lo que en las empresas tiene un impacto neutro, mientras que desfinancia al Sistema Integrado Previsional Argentino (SIPA), el r\u00e9gimen p\u00fablico de reparto gestionado por la Anses.<\/p>\n<p>El art\u00edculo 163 del proyecto es el que establece la reducci\u00f3n de Contribuciones Patronales de 20,4% a 17,4% para empleadores del rubro servicios y del 18% a 15% para el resto de los empleadores privados, siempre y cuando tengan trabajadores registrados. Un beneficio para el empleador, pero otra p\u00e9rdida para la seguridad social.<\/p>\n<p>Se menciona la reducci\u00f3n de Ganancias a sociedades, adem\u00e1s de la suma de la derogaci\u00f3n parcial de tributos internos, cuya recaudaci\u00f3n termina en las finanzas provinciales. All\u00ed se abarcan los de seguros, servicios de telefon\u00eda celular y satelital, objetos suntuarios, veh\u00edculos automotores y motores, embarcaciones de recreo o deportes, y aeronaves. Por eso el gremio concluye que el proyecto que consigui\u00f3 dictamen en el Senado en 2025 es en realidad una reforma tributaria encubierta y que generar\u00e1 problemas en los ingresos en todas las provincias. Inconvenientes incluso en Naci\u00f3n, que dejar\u00eda de percibir, si el proyecto consigue sanci\u00f3n, casi $ 1,2 billones.<\/p>\n<p>El distrito de Axel Kicillof lidera el ranking de los territorios que quedar\u00edan golpeados por la reforma, con una p\u00e9rdida de reembolsos estimada en $ 397.257 millones. En el entorno del mandatario dicen que Milei siempre \u201chace demagogia con los recursos de las provincias, nunca tocan ning\u00fan impuesto que sea de recaudaci\u00f3n nacional\u201d.<\/p>\n<p>El puesto 2 es ocupado por Santa Fe, gobernada por el radical Maximiliano Pullaro, con $ 161.673 millones. En el distrito se\u00f1alan que la coparticipaci\u00f3n no es un tema central en la discusi\u00f3n. Porque la clave pasa por generar un proyecto de \u201cmodernizaci\u00f3n que les permita a las pymes sostener los empleos y que muchas personas que hoy est\u00e1n en negro pasen a estar en blanco\u201d.<\/p>\n<p>Un escal\u00f3n m\u00e1s abajo aparecen C\u00f3rdoba, cuyo gobernador es Mart\u00edn Llaryora, que dejar\u00eda de percibir $ 160.628 millones; Chaco, con Leandro Zdero al frente y es un aliado electoral del oficialismo, con $ 90.244 millones, y Entre R\u00edos, gestionada por Rogelio Frigerio, que resignar\u00e1 si el documento se aprueba $ 88.327 millones. El representante del PRO se reuni\u00f3 con Diego Santilli, el ministro del Interior, la semana pasada y prometi\u00f3 respaldo a la iniciativa.<\/p>\n<p>El ranking sigue con dos provincias de sinton\u00eda con la Casa Rosada. Una es Tucum\u00e1n, con Osvaldo Jaldo, que va a perder $ 86.063 millones, y figura Mendoza, cuyo jefe es Alfredo Cornejo, otro aliado electoral de LLA, con $ 75.435 millones. Natalio Mema, el ministro de Gobierno del distrito radical, desmiente esa cifra y habla de que van a resignar $ 60 mil millones. No obstante, elogi\u00f3 aspectos del proyecto como el referido al empleo joven, en los que trabaj\u00f3 el gobernador como integrante del Consejo de Mayo. Y recalc\u00f3 que es \u201cmomento de ordenar las cuentas como nosotros lo hicimos en los \u00faltimos a\u00f1os, rebajando impuestos que ayudan a las inversiones del sector privado\u201d. Tambi\u00e9n anticip\u00f3 que el distrito, en la discusi\u00f3n parlamentaria, impulsar\u00e1 que los convenios colectivos de trabajo sean regionales, atendiendo a la realidad de cada sector productivo por zonas geogr\u00e1ficas y no por actividades, como sucede actualmente.<\/p>\n<p>Los \u00faltimos tres puestos del top 10 de la n\u00f3mina se completan con Santiago del Estero, bajo el comando de El\u00edas Su\u00e1rez, resignar\u00eda $ 74.739 millones; Salta, cuyo l\u00edder del Ejecutivo es Gustavo S\u00e1enz, $ 69.338 millones y Corrientes, bajo el liderazgo del radical Juan Pablo Vald\u00e9s, con $ 67.247 millones.<\/p>\n<p>La Rioja, gestionada por el peronista Ricardo Quintela, se encuentra en estado de alerta ante este proyecto. Frente a la consulta de este medio, remarcaron que \u201ccon la posibilidad de esta quita adicional, el panorama es muy complejo. La Rioja ya fue perjudicada con el Presupuesto 2026 cuando por primera vez en m\u00e1s de 20 a\u00f1os no se incluyen fondos compensatorios por el punto de coparticipaci\u00f3n del 88\u201d. Sumados a los $ 37.500 millones que dejar\u00edan de recibir si se aprueba la reforma laboral, el gobernador reclama cerca de US$ 1.200 millones por coparticipaci\u00f3n que hist\u00f3ricamente recibi\u00f3 la provincia y que Milei unilateralmente dej\u00f3 de enviar a los riojanos desde que asumi\u00f3 la Presidencia.<\/p>\n<p>Por su parte, desde la Ciudad de Buenos Aires, que podr\u00eda perder $ 44 mil millones, no realizaron comentarios. El proyecto tambi\u00e9n podr\u00eda costarle a Formosa $ 65.800 millones y a La Pampa $ 34 mil millones de recursos coparticipables. En el caso de Tierra del Fuego, $ 22.310 millones.<\/p>\n<p>\u00bfQu\u00e9 dicen en Naci\u00f3n frente a estos n\u00fameros? Relativizan el impacto. Si bien fuentes oficiales reconocen el golpe, aunque no poseen precisiones, al mismo tiempo argumentan que este \u201ccosto\u201d es una \u201cinversi\u00f3n para formalizar a los 14 millones de argentinos que hoy est\u00e1n fuera del sistema privado formal\u201d.<\/p>\n<p>Capitanich: \u201cEl objetivo es aumentar el desempleo\u201d<\/p>\n<p>El diputado nacional y exgobernador del Chaco, Jorge Capitanich, elabor\u00f3 sus propias proyecciones sobre los ingresos que dejar\u00e1n de recibir las provincias si se aprueba la reforma laboral en el Congreso. En el escenario m\u00e1s optimista calcul\u00f3 que la merma ser\u00e1 de $ 1,7 billones para los distritos, mientras que en el peor podr\u00eda alcanzar los $ 4,6 billones. La diferencia entre ambos depender\u00e1 de la recaudaci\u00f3n final y de los componentes que se consideran para el c\u00e1lculo, como por ejemplo, los quebrantos.<\/p>\n<p>Adem\u00e1s, precis\u00f3 en un estudio propio, el Fondo de Asistencia Laboral (FAL) le quitar\u00e1 al sistema jubilatorio cerca de US$ 4.300 millones con ese 3% que dejar\u00e1 de ir a la Anses. \u201cQuieren desfinanciamiento del sistema social, es volver a las AFJP, pero en cuotas. El efecto de estas pol\u00edticas es aumentar el desempleo\u201d, sentenci\u00f3, en di\u00e1logo con PERFIL. \u201cEl proyecto no tiene por objetivo incidir en el mercado laboral, es una disputa ideol\u00f3gica para la batalla cultural. Es un ataque sistem\u00e1tico y despiadado a los trabajadores\u201d, esgrimi\u00f3.<\/p>\n<p>El legislador nacional denunci\u00f3 que el documento oficial contiene un componente tributario, que vulnera la Constituci\u00f3n Nacional, en tanto \u00e9sta aclara que el origen de la modificaci\u00f3n de impuestos debe surgir del Congreso. \u201cEsta reforma laboral es similar a la de la dictadura militar. En ese momento, la tasa de productividad no mejor\u00f3 y se triplic\u00f3 la tasa de desempleo\u201d, record\u00f3.<\/p>\n","protected":false},"excerpt":{"rendered":"<p>La letra chica de la reforma laboral del Gobierno esconde un ajuste sin precedentes para las provincias. Gracias a las distintas modificaciones impositivas que contiene el texto, el monto para&hellip; <\/p>\n","protected":false},"author":1,"featured_media":65606,"comment_status":"closed","ping_status":"closed","sticky":false,"template":"","format":"standard","meta":{"footnotes":""},"categories":[16,5],"tags":[],"class_list":["post-65605","post","type-post","status-publish","format-standard","has-post-thumbnail","hentry","category-locales","category-pais"],"_links":{"self":[{"href":"http:\/\/elurbanoweb.com.ar\/diario\/wp-json\/wp\/v2\/posts\/65605","targetHints":{"allow":["GET"]}}],"collection":[{"href":"http:\/\/elurbanoweb.com.ar\/diario\/wp-json\/wp\/v2\/posts"}],"about":[{"href":"http:\/\/elurbanoweb.com.ar\/diario\/wp-json\/wp\/v2\/types\/post"}],"author":[{"embeddable":true,"href":"http:\/\/elurbanoweb.com.ar\/diario\/wp-json\/wp\/v2\/users\/1"}],"replies":[{"embeddable":true,"href":"http:\/\/elurbanoweb.com.ar\/diario\/wp-json\/wp\/v2\/comments?post=65605"}],"version-history":[{"count":1,"href":"http:\/\/elurbanoweb.com.ar\/diario\/wp-json\/wp\/v2\/posts\/65605\/revisions"}],"predecessor-version":[{"id":65607,"href":"http:\/\/elurbanoweb.com.ar\/diario\/wp-json\/wp\/v2\/posts\/65605\/revisions\/65607"}],"wp:featuredmedia":[{"embeddable":true,"href":"http:\/\/elurbanoweb.com.ar\/diario\/wp-json\/wp\/v2\/media\/65606"}],"wp:attachment":[{"href":"http:\/\/elurbanoweb.com.ar\/diario\/wp-json\/wp\/v2\/media?parent=65605"}],"wp:term":[{"taxonomy":"category","embeddable":true,"href":"http:\/\/elurbanoweb.com.ar\/diario\/wp-json\/wp\/v2\/categories?post=65605"},{"taxonomy":"post_tag","embeddable":true,"href":"http:\/\/elurbanoweb.com.ar\/diario\/wp-json\/wp\/v2\/tags?post=65605"}],"curies":[{"name":"wp","href":"https:\/\/api.w.org\/{rel}","templated":true}]}}