{"id":65608,"date":"2026-01-27T08:53:58","date_gmt":"2026-01-27T11:53:58","guid":{"rendered":"https:\/\/elurbanoweb.com.ar\/diario\/?p=65608"},"modified":"2026-01-27T08:53:58","modified_gmt":"2026-01-27T11:53:58","slug":"la-capital-abonara-los-sueldos-de-enero-los-dias-jueves-29-y-viernes-30","status":"publish","type":"post","link":"http:\/\/elurbanoweb.com.ar\/diario\/la-capital-abonara-los-sueldos-de-enero-los-dias-jueves-29-y-viernes-30\/","title":{"rendered":"La Capital abonar\u00e1 los sueldos de enero los d\u00edas jueves 29 y viernes 30"},"content":{"rendered":"<p>La Municipalidad de la Capital informa que los d\u00edas jueves 29 y viernes 30 pr\u00f3ximos se har\u00e1 efectivo el pago de los sueldos del mes de enero a los empleados de la comuna.<\/p>\n<p><img loading=\"lazy\" decoding=\"async\" class=\"alignnone wp-image-65609 size-full\" src=\"http:\/\/elurbanoweb.com.ar\/diario\/wp-content\/uploads\/2026\/01\/cajero2.jpeg\" alt=\"\" width=\"830\" height=\"465\" srcset=\"http:\/\/elurbanoweb.com.ar\/diario\/wp-content\/uploads\/2026\/01\/cajero2.jpeg 830w, http:\/\/elurbanoweb.com.ar\/diario\/wp-content\/uploads\/2026\/01\/cajero2-300x168.jpeg 300w, http:\/\/elurbanoweb.com.ar\/diario\/wp-content\/uploads\/2026\/01\/cajero2-150x84.jpeg 150w\" sizes=\"auto, (max-width: 830px) 100vw, 830px\" \/><\/p>\n<p><!--more--><\/p>\n<p>El calendario dispuesto, establece que aquellos que posean los DNI terminados en 0, 1, 2, 3 y 4 cobrar\u00e1n el jueves; mientras que los finalizados en 5,6, 7,8 y 9 lo har\u00e1n en la jornada del viernes.<\/p>\n<p>Los haberes estar\u00e1n disponibles en los cajeros autom\u00e1ticos a partir de las 8.<\/p>\n","protected":false},"excerpt":{"rendered":"<p>La Municipalidad de la Capital informa que los d\u00edas jueves 29 y viernes 30 pr\u00f3ximos se har\u00e1 efectivo el pago de los sueldos del mes de enero a los empleados&hellip; <\/p>\n","protected":false},"author":1,"featured_media":65609,"comment_status":"closed","ping_status":"closed","sticky":false,"template":"","format":"standard","meta":{"footnotes":""},"categories":[3],"tags":[],"class_list":["post-65608","post","type-post","status-publish","format-standard","has-post-thumbnail","hentry","category-municipio"],"_links":{"self":[{"href":"http:\/\/elurbanoweb.com.ar\/diario\/wp-json\/wp\/v2\/posts\/65608","targetHints":{"allow":["GET"]}}],"collection":[{"href":"http:\/\/elurbanoweb.com.ar\/diario\/wp-json\/wp\/v2\/posts"}],"about":[{"href":"http:\/\/elurbanoweb.com.ar\/diario\/wp-json\/wp\/v2\/types\/post"}],"author":[{"embeddable":true,"href":"http:\/\/elurbanoweb.com.ar\/diario\/wp-json\/wp\/v2\/users\/1"}],"replies":[{"embeddable":true,"href":"http:\/\/elurbanoweb.com.ar\/diario\/wp-json\/wp\/v2\/comments?post=65608"}],"version-history":[{"count":1,"href":"http:\/\/elurbanoweb.com.ar\/diario\/wp-json\/wp\/v2\/posts\/65608\/revisions"}],"predecessor-version":[{"id":65610,"href":"http:\/\/elurbanoweb.com.ar\/diario\/wp-json\/wp\/v2\/posts\/65608\/revisions\/65610"}],"wp:featuredmedia":[{"embeddable":true,"href":"http:\/\/elurbanoweb.com.ar\/diario\/wp-json\/wp\/v2\/media\/65609"}],"wp:attachment":[{"href":"http:\/\/elurbanoweb.com.ar\/diario\/wp-json\/wp\/v2\/media?parent=65608"}],"wp:term":[{"taxonomy":"category","embeddable":true,"href":"http:\/\/elurbanoweb.com.ar\/diario\/wp-json\/wp\/v2\/categories?post=65608"},{"taxonomy":"post_tag","embeddable":true,"href":"http:\/\/elurbanoweb.com.ar\/diario\/wp-json\/wp\/v2\/tags?post=65608"}],"curies":[{"name":"wp","href":"https:\/\/api.w.org\/{rel}","templated":true}]}}