{"id":65611,"date":"2026-01-28T10:53:52","date_gmt":"2026-01-28T13:53:52","guid":{"rendered":"https:\/\/elurbanoweb.com.ar\/diario\/?p=65611"},"modified":"2026-01-28T10:53:52","modified_gmt":"2026-01-28T13:53:52","slug":"trump-hablo-de-una-nueva-armada-estadounidense-rumbo-a-iran-y-presiono-por-un-acuerdo","status":"publish","type":"post","link":"http:\/\/elurbanoweb.com.ar\/diario\/trump-hablo-de-una-nueva-armada-estadounidense-rumbo-a-iran-y-presiono-por-un-acuerdo\/","title":{"rendered":"Trump habl\u00f3 de una nueva \u201carmada\u201d estadounidense rumbo a Ir\u00e1n y presion\u00f3 por un acuerdo"},"content":{"rendered":"<p>El presidente de Estados Unidos, Donald Trump, afirm\u00f3 que una \u00abarmada\u00bb adicional de buques militares navegaba hacia Ir\u00e1n y expres\u00f3 su esperanza de que el pa\u00eds acepte un acuerdo.<\/p>\n<p><img loading=\"lazy\" decoding=\"async\" class=\"alignnone wp-image-65612 size-full\" src=\"http:\/\/elurbanoweb.com.ar\/diario\/wp-content\/uploads\/2026\/01\/armada1.jpg\" alt=\"\" width=\"1010\" height=\"567\" srcset=\"http:\/\/elurbanoweb.com.ar\/diario\/wp-content\/uploads\/2026\/01\/armada1.jpg 1010w, http:\/\/elurbanoweb.com.ar\/diario\/wp-content\/uploads\/2026\/01\/armada1-300x168.jpg 300w, http:\/\/elurbanoweb.com.ar\/diario\/wp-content\/uploads\/2026\/01\/armada1-150x84.jpg 150w\" sizes=\"auto, (max-width: 1010px) 100vw, 1010px\" \/><\/p>\n<p><!--more--><\/p>\n<p>\u00abHay otra hermosa armada flotando encantadoramente hacia Ir\u00e1n ahora mismo, as\u00ed que ya veremos\u00bb, dijo Trump en un mitin en el estado de Iowa, en el medio oeste de Estados Unidos, seg\u00fan un informe de la agencia Xinhua.<\/p>\n<p>Asimismo, el mandatario norteamericano a\u00f1adi\u00f3: \u00abEspero que lleguen a un acuerdo. Deber\u00edan haber llegado a un acuerdo la primera vez. Tendr\u00edan un pa\u00eds\u00bb.<\/p>\n<p>Un d\u00eda antes, el grupo de ataque de los portaaviones USS Abraham Lincoln fue desplegado en Oriente Medio en medio de tensiones por los disturbios en Ir\u00e1n, inform\u00f3 el Comando Central de Estados Unidos en la red social X.<\/p>\n<p>En tanto, no estaba claro si Trump se refer\u00eda al grupo de ataque del USS Abraham Lincoln o a otro grupo de ataque de portaaviones.<\/p>\n","protected":false},"excerpt":{"rendered":"<p>El presidente de Estados Unidos, Donald Trump, afirm\u00f3 que una \u00abarmada\u00bb adicional de buques militares navegaba hacia Ir\u00e1n y expres\u00f3 su esperanza de que el pa\u00eds acepte un acuerdo.<\/p>\n","protected":false},"author":1,"featured_media":65612,"comment_status":"closed","ping_status":"closed","sticky":false,"template":"","format":"standard","meta":{"footnotes":""},"categories":[6],"tags":[],"class_list":["post-65611","post","type-post","status-publish","format-standard","has-post-thumbnail","hentry","category-mundo"],"_links":{"self":[{"href":"http:\/\/elurbanoweb.com.ar\/diario\/wp-json\/wp\/v2\/posts\/65611","targetHints":{"allow":["GET"]}}],"collection":[{"href":"http:\/\/elurbanoweb.com.ar\/diario\/wp-json\/wp\/v2\/posts"}],"about":[{"href":"http:\/\/elurbanoweb.com.ar\/diario\/wp-json\/wp\/v2\/types\/post"}],"author":[{"embeddable":true,"href":"http:\/\/elurbanoweb.com.ar\/diario\/wp-json\/wp\/v2\/users\/1"}],"replies":[{"embeddable":true,"href":"http:\/\/elurbanoweb.com.ar\/diario\/wp-json\/wp\/v2\/comments?post=65611"}],"version-history":[{"count":1,"href":"http:\/\/elurbanoweb.com.ar\/diario\/wp-json\/wp\/v2\/posts\/65611\/revisions"}],"predecessor-version":[{"id":65613,"href":"http:\/\/elurbanoweb.com.ar\/diario\/wp-json\/wp\/v2\/posts\/65611\/revisions\/65613"}],"wp:featuredmedia":[{"embeddable":true,"href":"http:\/\/elurbanoweb.com.ar\/diario\/wp-json\/wp\/v2\/media\/65612"}],"wp:attachment":[{"href":"http:\/\/elurbanoweb.com.ar\/diario\/wp-json\/wp\/v2\/media?parent=65611"}],"wp:term":[{"taxonomy":"category","embeddable":true,"href":"http:\/\/elurbanoweb.com.ar\/diario\/wp-json\/wp\/v2\/categories?post=65611"},{"taxonomy":"post_tag","embeddable":true,"href":"http:\/\/elurbanoweb.com.ar\/diario\/wp-json\/wp\/v2\/tags?post=65611"}],"curies":[{"name":"wp","href":"https:\/\/api.w.org\/{rel}","templated":true}]}}