{"id":65614,"date":"2026-01-28T10:55:51","date_gmt":"2026-01-28T13:55:51","guid":{"rendered":"https:\/\/elurbanoweb.com.ar\/diario\/?p=65614"},"modified":"2026-01-28T10:55:51","modified_gmt":"2026-01-28T13:55:51","slug":"los-gloriosos-de-la-banda-celebraran-su-cuarto-aniversario-con-un-gran-corso-murguero-el-sabado-31","status":"publish","type":"post","link":"http:\/\/elurbanoweb.com.ar\/diario\/los-gloriosos-de-la-banda-celebraran-su-cuarto-aniversario-con-un-gran-corso-murguero-el-sabado-31\/","title":{"rendered":"\u201cLos Gloriosos de La Banda\u201d celebrar\u00e1n su cuarto aniversario con un gran corso murguero el s\u00e1bado 31"},"content":{"rendered":"<p>La Municipalidad de La Banda acompa\u00f1ar\u00e1 la celebraci\u00f3n del cuarto aniversario de la \u201cMurga Los Gloriosos de La Banda\u201d que tendr\u00e1 lugar en las instalaciones del Patin\u00f3dromo Municipal el pr\u00f3ximo s\u00e1bado 31 a partir de las 20.<\/p>\n<p><img loading=\"lazy\" decoding=\"async\" class=\"alignnone wp-image-65615 size-full\" src=\"http:\/\/elurbanoweb.com.ar\/diario\/wp-content\/uploads\/2026\/01\/corso3.jpg\" alt=\"\" width=\"1010\" height=\"567\" srcset=\"http:\/\/elurbanoweb.com.ar\/diario\/wp-content\/uploads\/2026\/01\/corso3.jpg 1010w, http:\/\/elurbanoweb.com.ar\/diario\/wp-content\/uploads\/2026\/01\/corso3-300x168.jpg 300w, http:\/\/elurbanoweb.com.ar\/diario\/wp-content\/uploads\/2026\/01\/corso3-150x84.jpg 150w\" sizes=\"auto, (max-width: 1010px) 100vw, 1010px\" \/><\/p>\n<p><!--more--><\/p>\n<p>Esta agrupaci\u00f3n celebr\u00f3 su cuarto aniversario el pasado s\u00e1bado 3 y cierra el mes de enero con un evento con el que buscan consolidar el trabajo realizado brindando un espacio de contenci\u00f3n y diversi\u00f3n para los ni\u00f1os y adolescentes de diferentes sectores de la ciudad de La Banda.<\/p>\n<p>Desde la organizaci\u00f3n del evento, manifestaron: \u201cHan pasado 4 a\u00f1os desde que emprendimos esta misi\u00f3n con un prop\u00f3sito inquebrantable, acumulando esfuerzos constantes en pos de un cambio social profundo. Hoy, miramos atr\u00e1s con orgullo y gratitud, reconociendo a quienes nos acompa\u00f1aron en este viaje, a los que siguen adelante con nosotros y a los que se sumar\u00e1n en este camino hacia la transformaci\u00f3n\u201d.<\/p>\n<p>Agregaron: \u201cSe avecinan eventos emocionantes que celebraremos juntos y que ser\u00e1n el resultado directo de nuestro esfuerzo colectivo. Esto no ser\u00eda posible sin este equipo de trabajo excepcional y el apoyo incondicional de los padres que creen en este proyecto con transparencia y dedicaci\u00f3n. Dejamos abierta la invitaci\u00f3n para quienes quieran sumarse para este y otros futuros proyectos, a quienes les guste el baile, tocar un instrumento, cantar o el teatro, pueden acercarse y participar, para ello les dejamos nuestro n\u00famero de contacto 3856272382\u201d.<\/p>\n<p>El municipio bande\u00f1o deja la invitaci\u00f3n abierta para todos los vecinos que deseen concurrir de manera gratuita a este colorido e imponente evento que forma parte de las propuestas impulsadas por la gesti\u00f3n del intendente Ing. Roger Nediani para disfrutar las vacaciones de verano en la ciudad.<\/p>\n","protected":false},"excerpt":{"rendered":"<p>La Municipalidad de La Banda acompa\u00f1ar\u00e1 la celebraci\u00f3n del cuarto aniversario de la \u201cMurga Los Gloriosos de La Banda\u201d que tendr\u00e1 lugar en las instalaciones del Patin\u00f3dromo Municipal el pr\u00f3ximo&hellip; <\/p>\n","protected":false},"author":1,"featured_media":65615,"comment_status":"closed","ping_status":"closed","sticky":false,"template":"","format":"standard","meta":{"footnotes":""},"categories":[9],"tags":[],"class_list":["post-65614","post","type-post","status-publish","format-standard","has-post-thumbnail","hentry","category-la-banda"],"_links":{"self":[{"href":"http:\/\/elurbanoweb.com.ar\/diario\/wp-json\/wp\/v2\/posts\/65614","targetHints":{"allow":["GET"]}}],"collection":[{"href":"http:\/\/elurbanoweb.com.ar\/diario\/wp-json\/wp\/v2\/posts"}],"about":[{"href":"http:\/\/elurbanoweb.com.ar\/diario\/wp-json\/wp\/v2\/types\/post"}],"author":[{"embeddable":true,"href":"http:\/\/elurbanoweb.com.ar\/diario\/wp-json\/wp\/v2\/users\/1"}],"replies":[{"embeddable":true,"href":"http:\/\/elurbanoweb.com.ar\/diario\/wp-json\/wp\/v2\/comments?post=65614"}],"version-history":[{"count":1,"href":"http:\/\/elurbanoweb.com.ar\/diario\/wp-json\/wp\/v2\/posts\/65614\/revisions"}],"predecessor-version":[{"id":65616,"href":"http:\/\/elurbanoweb.com.ar\/diario\/wp-json\/wp\/v2\/posts\/65614\/revisions\/65616"}],"wp:featuredmedia":[{"embeddable":true,"href":"http:\/\/elurbanoweb.com.ar\/diario\/wp-json\/wp\/v2\/media\/65615"}],"wp:attachment":[{"href":"http:\/\/elurbanoweb.com.ar\/diario\/wp-json\/wp\/v2\/media?parent=65614"}],"wp:term":[{"taxonomy":"category","embeddable":true,"href":"http:\/\/elurbanoweb.com.ar\/diario\/wp-json\/wp\/v2\/categories?post=65614"},{"taxonomy":"post_tag","embeddable":true,"href":"http:\/\/elurbanoweb.com.ar\/diario\/wp-json\/wp\/v2\/tags?post=65614"}],"curies":[{"name":"wp","href":"https:\/\/api.w.org\/{rel}","templated":true}]}}