{"id":65617,"date":"2026-01-28T10:57:04","date_gmt":"2026-01-28T13:57:04","guid":{"rendered":"https:\/\/elurbanoweb.com.ar\/diario\/?p=65617"},"modified":"2026-01-28T10:57:04","modified_gmt":"2026-01-28T13:57:04","slug":"con-musica-en-vivo-y-sorteos-se-realizara-el-cierre-de-la-banda-baila-y-emprende","status":"publish","type":"post","link":"http:\/\/elurbanoweb.com.ar\/diario\/con-musica-en-vivo-y-sorteos-se-realizara-el-cierre-de-la-banda-baila-y-emprende\/","title":{"rendered":"Con m\u00fasica en vivo y sorteos se realizar\u00e1 el cierre de \u201cLa Banda Baila y Emprende\u201d"},"content":{"rendered":"<p>La Municipalidad de La Banda invita a toda la comunidad a participar del gran cierre del programa \u201cLa Banda Baila y Emprende\u201d, que se realizar\u00e1 el viernes 30 a partir de las 19 horas en Plaza Belgrano.<\/p>\n<p><img loading=\"lazy\" decoding=\"async\" class=\"alignnone wp-image-65618 size-full\" src=\"http:\/\/elurbanoweb.com.ar\/diario\/wp-content\/uploads\/2026\/01\/cierre0.jpg\" alt=\"\" width=\"1010\" height=\"567\" srcset=\"http:\/\/elurbanoweb.com.ar\/diario\/wp-content\/uploads\/2026\/01\/cierre0.jpg 1010w, http:\/\/elurbanoweb.com.ar\/diario\/wp-content\/uploads\/2026\/01\/cierre0-300x168.jpg 300w, http:\/\/elurbanoweb.com.ar\/diario\/wp-content\/uploads\/2026\/01\/cierre0-150x84.jpg 150w\" sizes=\"auto, (max-width: 1010px) 100vw, 1010px\" \/><\/p>\n<p><!--more--><\/p>\n<p>La jornada contar\u00e1 con la participaci\u00f3n de artistas en vivo, m\u00fasica para disfrutar en familia, sorteos y un espacio destinado a los emprendedores locales, quienes tendr\u00e1n la oportunidad de mostrar y comercializar sus productos, fortaleciendo la econom\u00eda social y el trabajo independiente.<\/p>\n<p>Esta propuesta forma parte de las acciones impulsadas por la gesti\u00f3n del intendente Ing. Roger El\u00edas Nediani, orientadas a generar espacios de encuentro, recreaci\u00f3n y acompa\u00f1amiento a los emprendedores de la ciudad, promoviendo la participaci\u00f3n comunitaria y el desarrollo local.<\/p>\n<p>Desde el municipio se invita a vecinos y vecinas a sumarse y compartir una noche llena de alegr\u00eda, m\u00fasica y oportunidades, en un evento pensado para toda la familia.<\/p>\n","protected":false},"excerpt":{"rendered":"<p>La Municipalidad de La Banda invita a toda la comunidad a participar del gran cierre del programa \u201cLa Banda Baila y Emprende\u201d, que se realizar\u00e1 el viernes 30 a partir&hellip; <\/p>\n","protected":false},"author":1,"featured_media":65618,"comment_status":"closed","ping_status":"closed","sticky":false,"template":"","format":"standard","meta":{"footnotes":""},"categories":[9],"tags":[],"class_list":["post-65617","post","type-post","status-publish","format-standard","has-post-thumbnail","hentry","category-la-banda"],"_links":{"self":[{"href":"http:\/\/elurbanoweb.com.ar\/diario\/wp-json\/wp\/v2\/posts\/65617","targetHints":{"allow":["GET"]}}],"collection":[{"href":"http:\/\/elurbanoweb.com.ar\/diario\/wp-json\/wp\/v2\/posts"}],"about":[{"href":"http:\/\/elurbanoweb.com.ar\/diario\/wp-json\/wp\/v2\/types\/post"}],"author":[{"embeddable":true,"href":"http:\/\/elurbanoweb.com.ar\/diario\/wp-json\/wp\/v2\/users\/1"}],"replies":[{"embeddable":true,"href":"http:\/\/elurbanoweb.com.ar\/diario\/wp-json\/wp\/v2\/comments?post=65617"}],"version-history":[{"count":1,"href":"http:\/\/elurbanoweb.com.ar\/diario\/wp-json\/wp\/v2\/posts\/65617\/revisions"}],"predecessor-version":[{"id":65619,"href":"http:\/\/elurbanoweb.com.ar\/diario\/wp-json\/wp\/v2\/posts\/65617\/revisions\/65619"}],"wp:featuredmedia":[{"embeddable":true,"href":"http:\/\/elurbanoweb.com.ar\/diario\/wp-json\/wp\/v2\/media\/65618"}],"wp:attachment":[{"href":"http:\/\/elurbanoweb.com.ar\/diario\/wp-json\/wp\/v2\/media?parent=65617"}],"wp:term":[{"taxonomy":"category","embeddable":true,"href":"http:\/\/elurbanoweb.com.ar\/diario\/wp-json\/wp\/v2\/categories?post=65617"},{"taxonomy":"post_tag","embeddable":true,"href":"http:\/\/elurbanoweb.com.ar\/diario\/wp-json\/wp\/v2\/tags?post=65617"}],"curies":[{"name":"wp","href":"https:\/\/api.w.org\/{rel}","templated":true}]}}