{"id":65620,"date":"2026-01-28T10:58:28","date_gmt":"2026-01-28T13:58:28","guid":{"rendered":"https:\/\/elurbanoweb.com.ar\/diario\/?p=65620"},"modified":"2026-01-28T10:58:28","modified_gmt":"2026-01-28T13:58:28","slug":"continua-en-vigencia-la-segunda-etapa-del-pago-anual-adelantado-2026","status":"publish","type":"post","link":"http:\/\/elurbanoweb.com.ar\/diario\/continua-en-vigencia-la-segunda-etapa-del-pago-anual-adelantado-2026\/","title":{"rendered":"Contin\u00faa en vigencia la segunda etapa del Pago Anual Adelantado 2026"},"content":{"rendered":"<p>La Municipalidad de La Banda, a trav\u00e9s de la Direcci\u00f3n General de Rentas, informa que se encuentra en vigencia la segunda parte del Pago Anual Adelantado 2026, correspondiente a tasas por servicios municipales sobre la propiedad inmueble y la actividad comercial, industrial y de servicios.<\/p>\n<p><img loading=\"lazy\" decoding=\"async\" class=\"alignnone wp-image-65621 size-full\" src=\"http:\/\/elurbanoweb.com.ar\/diario\/wp-content\/uploads\/2026\/01\/anual1.jpg\" alt=\"\" width=\"1010\" height=\"567\" srcset=\"http:\/\/elurbanoweb.com.ar\/diario\/wp-content\/uploads\/2026\/01\/anual1.jpg 1010w, http:\/\/elurbanoweb.com.ar\/diario\/wp-content\/uploads\/2026\/01\/anual1-300x168.jpg 300w, http:\/\/elurbanoweb.com.ar\/diario\/wp-content\/uploads\/2026\/01\/anual1-150x84.jpg 150w\" sizes=\"auto, (max-width: 1010px) 100vw, 1010px\" \/><\/p>\n<p><!--more--><\/p>\n<p>Este beneficio contempla un 15% de descuento, al que se suma un 10% adicional para los contribuyentes que se encuentren al d\u00eda, promoviendo el cumplimiento y el acompa\u00f1amiento a los vecinos bande\u00f1os.<\/p>\n<p>Los contribuyentes podr\u00e1n realizar la emisi\u00f3n y el pago en la Direcci\u00f3n General de Rentas Municipal, ubicada en 25 de Mayo y Chacabuco, en el horario de 7 a 13 y en el Centro de Comercio e Industria, sito en Alberdi N\u00b0 135, de 8 a 12. Adem\u00e1s, se podr\u00e1 abonar en el Banco Santiago del Estero, en todas sus sucursales en horario matutino, y en las sucursales de Rapipago en horario comercial.<\/p>\n<p>Desde el municipio se invita a los contribuyentes a aprovechar este beneficio, que permite regularizar sus obligaciones con importantes descuentos y aportar en la ejecuci\u00f3n de nuevas obras y el mejoramiento de los servicios p\u00fablicos para la ciudad de La Banda.<\/p>\n","protected":false},"excerpt":{"rendered":"<p>La Municipalidad de La Banda, a trav\u00e9s de la Direcci\u00f3n General de Rentas, informa que se encuentra en vigencia la segunda parte del Pago Anual Adelantado 2026, correspondiente a tasas&hellip; <\/p>\n","protected":false},"author":1,"featured_media":65621,"comment_status":"closed","ping_status":"closed","sticky":false,"template":"","format":"standard","meta":{"footnotes":""},"categories":[9],"tags":[],"class_list":["post-65620","post","type-post","status-publish","format-standard","has-post-thumbnail","hentry","category-la-banda"],"_links":{"self":[{"href":"http:\/\/elurbanoweb.com.ar\/diario\/wp-json\/wp\/v2\/posts\/65620","targetHints":{"allow":["GET"]}}],"collection":[{"href":"http:\/\/elurbanoweb.com.ar\/diario\/wp-json\/wp\/v2\/posts"}],"about":[{"href":"http:\/\/elurbanoweb.com.ar\/diario\/wp-json\/wp\/v2\/types\/post"}],"author":[{"embeddable":true,"href":"http:\/\/elurbanoweb.com.ar\/diario\/wp-json\/wp\/v2\/users\/1"}],"replies":[{"embeddable":true,"href":"http:\/\/elurbanoweb.com.ar\/diario\/wp-json\/wp\/v2\/comments?post=65620"}],"version-history":[{"count":1,"href":"http:\/\/elurbanoweb.com.ar\/diario\/wp-json\/wp\/v2\/posts\/65620\/revisions"}],"predecessor-version":[{"id":65622,"href":"http:\/\/elurbanoweb.com.ar\/diario\/wp-json\/wp\/v2\/posts\/65620\/revisions\/65622"}],"wp:featuredmedia":[{"embeddable":true,"href":"http:\/\/elurbanoweb.com.ar\/diario\/wp-json\/wp\/v2\/media\/65621"}],"wp:attachment":[{"href":"http:\/\/elurbanoweb.com.ar\/diario\/wp-json\/wp\/v2\/media?parent=65620"}],"wp:term":[{"taxonomy":"category","embeddable":true,"href":"http:\/\/elurbanoweb.com.ar\/diario\/wp-json\/wp\/v2\/categories?post=65620"},{"taxonomy":"post_tag","embeddable":true,"href":"http:\/\/elurbanoweb.com.ar\/diario\/wp-json\/wp\/v2\/tags?post=65620"}],"curies":[{"name":"wp","href":"https:\/\/api.w.org\/{rel}","templated":true}]}}