{"id":65623,"date":"2026-01-28T11:02:45","date_gmt":"2026-01-28T14:02:45","guid":{"rendered":"https:\/\/elurbanoweb.com.ar\/diario\/?p=65623"},"modified":"2026-01-28T11:02:45","modified_gmt":"2026-01-28T14:02:45","slug":"color-ritmo-y-alegria-la-comparsa-bella-baia-hizo-vibrar-manogasta","status":"publish","type":"post","link":"http:\/\/elurbanoweb.com.ar\/diario\/color-ritmo-y-alegria-la-comparsa-bella-baia-hizo-vibrar-manogasta\/","title":{"rendered":"Color, ritmo y alegr\u00eda: la comparsa Bella Baia hizo vibrar Manogasta"},"content":{"rendered":"<p>El pasado s\u00e1bado 24 de enero, Manogasta vivi\u00f3 una noche hist\u00f3rica colmada de color, m\u00fasica y emoci\u00f3n. La Esquina Tradicional fue el escenario de un verdadero espect\u00e1culo popular con la presentaci\u00f3n de la comparsa Bella Baia, que transform\u00f3 el fin de semana en una fiesta inolvidable para todo el pueblo.<\/p>\n<p><img loading=\"lazy\" decoding=\"async\" class=\"alignnone wp-image-65624 size-large\" src=\"http:\/\/elurbanoweb.com.ar\/diario\/wp-content\/uploads\/2026\/01\/color1-1024x768.jpg\" alt=\"\" width=\"1024\" height=\"768\" srcset=\"http:\/\/elurbanoweb.com.ar\/diario\/wp-content\/uploads\/2026\/01\/color1-1024x768.jpg 1024w, http:\/\/elurbanoweb.com.ar\/diario\/wp-content\/uploads\/2026\/01\/color1-300x225.jpg 300w, http:\/\/elurbanoweb.com.ar\/diario\/wp-content\/uploads\/2026\/01\/color1-150x113.jpg 150w, http:\/\/elurbanoweb.com.ar\/diario\/wp-content\/uploads\/2026\/01\/color1.jpg 1280w\" sizes=\"auto, (max-width: 1024px) 100vw, 1024px\" \/><\/p>\n<p><!--more--><\/p>\n<p>Plumas, brillo, baile y sonrisas marcaron una velada distinta, cargada de alegr\u00eda y orgullo colectivo. Vecinos y visitantes acompa\u00f1aron con entusiasmo un evento libre y gratuito, algo poco habitual en la zona, lo que hizo que el encuentro se viviera como un momento \u00fanico y profundamente emotivo.<\/p>\n<p>La noche tambi\u00e9n tuvo un significado especial para la familia Fern\u00e1ndez y para el grupo de feriantes del patio de comidas, quienes trabajaron en conjunto para que la propuesta se hiciera realidad, aportando al clima festivo y familiar que se respir\u00f3 durante toda la jornada.<\/p>\n<p>Desde la organizaci\u00f3n destacaron el acompa\u00f1amiento del p\u00fablico y remarcaron que cuando la comunidad responde, la fiesta se fortalece y promete volver. \u201cSon momentos que quedan grabados en el coraz\u00f3n de todos los que estuvieron presentes\u201d, expresaron.<\/p>\n","protected":false},"excerpt":{"rendered":"<p>El pasado s\u00e1bado 24 de enero, Manogasta vivi\u00f3 una noche hist\u00f3rica colmada de color, m\u00fasica y emoci\u00f3n. La Esquina Tradicional fue el escenario de un verdadero espect\u00e1culo popular con la&hellip; <\/p>\n","protected":false},"author":1,"featured_media":65624,"comment_status":"closed","ping_status":"closed","sticky":false,"template":"","format":"standard","meta":{"footnotes":""},"categories":[10],"tags":[],"class_list":["post-65623","post","type-post","status-publish","format-standard","has-post-thumbnail","hentry","category-interior"],"_links":{"self":[{"href":"http:\/\/elurbanoweb.com.ar\/diario\/wp-json\/wp\/v2\/posts\/65623","targetHints":{"allow":["GET"]}}],"collection":[{"href":"http:\/\/elurbanoweb.com.ar\/diario\/wp-json\/wp\/v2\/posts"}],"about":[{"href":"http:\/\/elurbanoweb.com.ar\/diario\/wp-json\/wp\/v2\/types\/post"}],"author":[{"embeddable":true,"href":"http:\/\/elurbanoweb.com.ar\/diario\/wp-json\/wp\/v2\/users\/1"}],"replies":[{"embeddable":true,"href":"http:\/\/elurbanoweb.com.ar\/diario\/wp-json\/wp\/v2\/comments?post=65623"}],"version-history":[{"count":1,"href":"http:\/\/elurbanoweb.com.ar\/diario\/wp-json\/wp\/v2\/posts\/65623\/revisions"}],"predecessor-version":[{"id":65625,"href":"http:\/\/elurbanoweb.com.ar\/diario\/wp-json\/wp\/v2\/posts\/65623\/revisions\/65625"}],"wp:featuredmedia":[{"embeddable":true,"href":"http:\/\/elurbanoweb.com.ar\/diario\/wp-json\/wp\/v2\/media\/65624"}],"wp:attachment":[{"href":"http:\/\/elurbanoweb.com.ar\/diario\/wp-json\/wp\/v2\/media?parent=65623"}],"wp:term":[{"taxonomy":"category","embeddable":true,"href":"http:\/\/elurbanoweb.com.ar\/diario\/wp-json\/wp\/v2\/categories?post=65623"},{"taxonomy":"post_tag","embeddable":true,"href":"http:\/\/elurbanoweb.com.ar\/diario\/wp-json\/wp\/v2\/tags?post=65623"}],"curies":[{"name":"wp","href":"https:\/\/api.w.org\/{rel}","templated":true}]}}