{"id":65629,"date":"2026-01-28T11:05:56","date_gmt":"2026-01-28T14:05:56","guid":{"rendered":"https:\/\/elurbanoweb.com.ar\/diario\/?p=65629"},"modified":"2026-01-28T11:05:56","modified_gmt":"2026-01-28T14:05:56","slug":"loreto-el-cic-se-consolida-como-el-pilar-de-salud-e-inclusion","status":"publish","type":"post","link":"http:\/\/elurbanoweb.com.ar\/diario\/loreto-el-cic-se-consolida-como-el-pilar-de-salud-e-inclusion\/","title":{"rendered":"Loreto: El CIC se consolida como el pilar de salud e inclusi\u00f3n"},"content":{"rendered":"<p>En el marco del plan estrat\u00e9gico para proyectar a Loreto hacia el futuro, el Centro de Integraci\u00f3n Comunitaria (CIC) se ha transformado en el motor principal de la salud p\u00fablica y la asistencia social en la ciudad. Bajo la conducci\u00f3n del intendente, Prof. Ram\u00f3n Gonz\u00e1lez, el espacio ha evolucionado de ser una oficina administrativa a un centro de referencia integral que garantiza derechos y respuestas inmediatas a los vecinos.<\/p>\n<p><img loading=\"lazy\" decoding=\"async\" class=\"alignnone wp-image-65630 size-large\" src=\"http:\/\/elurbanoweb.com.ar\/diario\/wp-content\/uploads\/2026\/01\/inclusion2-1024x801.jpeg\" alt=\"\" width=\"1024\" height=\"801\" srcset=\"http:\/\/elurbanoweb.com.ar\/diario\/wp-content\/uploads\/2026\/01\/inclusion2-1024x801.jpeg 1024w, http:\/\/elurbanoweb.com.ar\/diario\/wp-content\/uploads\/2026\/01\/inclusion2-300x235.jpeg 300w, http:\/\/elurbanoweb.com.ar\/diario\/wp-content\/uploads\/2026\/01\/inclusion2-150x117.jpeg 150w, http:\/\/elurbanoweb.com.ar\/diario\/wp-content\/uploads\/2026\/01\/inclusion2-1536x1201.jpeg 1536w, http:\/\/elurbanoweb.com.ar\/diario\/wp-content\/uploads\/2026\/01\/inclusion2.jpeg 1600w\" sizes=\"auto, (max-width: 1024px) 100vw, 1024px\" \/><\/p>\n<p><!--more--><\/p>\n<p>El fortalecimiento de la atenci\u00f3n primaria es uno de los ejes centrales. Actualmente, el CIC permite que las familias loretanas accedan a servicios m\u00e9dicos especializados sin necesidad de trasladarse grandes distancias. Entre sus prestaciones destacan, Consultorios Externos: con atenci\u00f3n en pediatr\u00eda, ginecolog\u00eda, cl\u00ednica m\u00e9dica y odontolog\u00eda. Prevenci\u00f3n Territorial, que implica operativos constantes de vacunaci\u00f3n y controles de salud para todas las edades y el Abordaje Integral, es decir espacios dedicados a la salud mental y asesoramiento legal para sectores vulnerables.<\/p>\n<p>M\u00e1s all\u00e1 de la asistencia sanitaria, el CIC funciona como una base operativa que facilita la vida cotidiana del ciudadano. All\u00ed se coordinan desde la entrega de tarjetas sociales y programas alimentarios, hasta la gesti\u00f3n de tr\u00e1mites ante organismos como ANSES y pensiones.<\/p>\n<p>Asimismo, el centro apuesta al desarrollo humano mediante talleres de oficios con salida laboral, apoyo escolar y actividades recreativas para j\u00f3venes, funcionando como un verdadero contenedor del tejido social loretano.<\/p>\n<p>Para el Prof. Ram\u00f3n Gonz\u00e1lez, el \u00e9xito de este espacio define el norte de su gesti\u00f3n: \u201cEl CIC es el lugar donde el Estado Municipal abraza al vecino. Proyectar Loreto al futuro significa que cada familia, viva donde viva, tenga un centro de referencia donde se sienta cuidada y respetada\u201d, afirm\u00f3 el mandatario.<\/p>\n<p>El impacto real se mide en la experiencia de los vecinos. Marta, vecina de la zona, destac\u00f3 la rapidez en la atenci\u00f3n de sus hijos, mientras que asistentes a los talleres como Ricardo resaltan que el centro les brind\u00f3 herramientas para mejorar su situaci\u00f3n laboral.<\/p>\n<p>Con un equipo profesional comprometido y una infraestructura que no deja de crecer, el CIC de Loreto se posiciona como el s\u00edmbolo de una gesti\u00f3n que prioriza la humanidad y la justicia social en cada una de sus acciones.<\/p>\n","protected":false},"excerpt":{"rendered":"<p>En el marco del plan estrat\u00e9gico para proyectar a Loreto hacia el futuro, el Centro de Integraci\u00f3n Comunitaria (CIC) se ha transformado en el motor principal de la salud p\u00fablica&hellip; <\/p>\n","protected":false},"author":1,"featured_media":65630,"comment_status":"closed","ping_status":"closed","sticky":false,"template":"","format":"standard","meta":{"footnotes":""},"categories":[10],"tags":[],"class_list":["post-65629","post","type-post","status-publish","format-standard","has-post-thumbnail","hentry","category-interior"],"_links":{"self":[{"href":"http:\/\/elurbanoweb.com.ar\/diario\/wp-json\/wp\/v2\/posts\/65629","targetHints":{"allow":["GET"]}}],"collection":[{"href":"http:\/\/elurbanoweb.com.ar\/diario\/wp-json\/wp\/v2\/posts"}],"about":[{"href":"http:\/\/elurbanoweb.com.ar\/diario\/wp-json\/wp\/v2\/types\/post"}],"author":[{"embeddable":true,"href":"http:\/\/elurbanoweb.com.ar\/diario\/wp-json\/wp\/v2\/users\/1"}],"replies":[{"embeddable":true,"href":"http:\/\/elurbanoweb.com.ar\/diario\/wp-json\/wp\/v2\/comments?post=65629"}],"version-history":[{"count":1,"href":"http:\/\/elurbanoweb.com.ar\/diario\/wp-json\/wp\/v2\/posts\/65629\/revisions"}],"predecessor-version":[{"id":65631,"href":"http:\/\/elurbanoweb.com.ar\/diario\/wp-json\/wp\/v2\/posts\/65629\/revisions\/65631"}],"wp:featuredmedia":[{"embeddable":true,"href":"http:\/\/elurbanoweb.com.ar\/diario\/wp-json\/wp\/v2\/media\/65630"}],"wp:attachment":[{"href":"http:\/\/elurbanoweb.com.ar\/diario\/wp-json\/wp\/v2\/media?parent=65629"}],"wp:term":[{"taxonomy":"category","embeddable":true,"href":"http:\/\/elurbanoweb.com.ar\/diario\/wp-json\/wp\/v2\/categories?post=65629"},{"taxonomy":"post_tag","embeddable":true,"href":"http:\/\/elurbanoweb.com.ar\/diario\/wp-json\/wp\/v2\/tags?post=65629"}],"curies":[{"name":"wp","href":"https:\/\/api.w.org\/{rel}","templated":true}]}}