{"id":65644,"date":"2026-01-29T10:20:22","date_gmt":"2026-01-29T13:20:22","guid":{"rendered":"https:\/\/elurbanoweb.com.ar\/diario\/?p=65644"},"modified":"2026-01-29T10:20:55","modified_gmt":"2026-01-29T13:20:55","slug":"el-area-de-fumigacion-informa-los-dias-que-se-llevara-a-cabo-un-operativo-de-fumigacion-en-la-zona-sur-de-la-ciudad","status":"publish","type":"post","link":"http:\/\/elurbanoweb.com.ar\/diario\/el-area-de-fumigacion-informa-los-dias-que-se-llevara-a-cabo-un-operativo-de-fumigacion-en-la-zona-sur-de-la-ciudad\/","title":{"rendered":"Informan los d\u00edas que se llevar\u00e1 a cabo un operativo de fumigaci\u00f3n en la zona sur de la ciudad"},"content":{"rendered":"<p>El \u00c1rea de Fumigaci\u00f3n, dependiente de la Secretar\u00eda de Servicios P\u00fablicos, informa que durante los d\u00edas mi\u00e9rcoles 28, jueves 29 y viernes 30, se llevar\u00e1 a cabo un operativo de fumigaci\u00f3n en la zona sur de la ciudad.<\/p>\n<p><img loading=\"lazy\" decoding=\"async\" class=\"alignnone wp-image-65645 size-large\" src=\"http:\/\/elurbanoweb.com.ar\/diario\/wp-content\/uploads\/2026\/01\/sur1-784x1024.jpg\" alt=\"\" width=\"784\" height=\"1024\" srcset=\"http:\/\/elurbanoweb.com.ar\/diario\/wp-content\/uploads\/2026\/01\/sur1-784x1024.jpg 784w, http:\/\/elurbanoweb.com.ar\/diario\/wp-content\/uploads\/2026\/01\/sur1-230x300.jpg 230w, http:\/\/elurbanoweb.com.ar\/diario\/wp-content\/uploads\/2026\/01\/sur1-115x150.jpg 115w, http:\/\/elurbanoweb.com.ar\/diario\/wp-content\/uploads\/2026\/01\/sur1.jpg 1024w\" sizes=\"auto, (max-width: 784px) 100vw, 784px\" \/><\/p>\n<p><!--more--> Horario: de 20 a 23 hs.<\/p>\n<p>Barrios: Salta Prolongaci\u00f3n \u00b7 Misky Mayu \u00b7 Ampliaci\u00f3n Pol\u00e9ar \u00b7 Ampliaci\u00f3n 1\u00b0 de Mayo \u00b7 La Bajada \u00b7 San Carlos \u00b7 Uni\u00f3n Ferroviaria \u00b7 El Bosque \u00b7 Santa Clara \u00b7 Villa In\u00e9s \u00b7 Villa Griselda \u00b7 Tabla Redonda \u00b7 Villa Margarita \u00b7 Jard\u00edn \u00b7 Fraternidad \u00b7 Ramos Taboada \u00b7 Finca de Ramos<\/p>\n","protected":false},"excerpt":{"rendered":"<p>El \u00c1rea de Fumigaci\u00f3n, dependiente de la Secretar\u00eda de Servicios P\u00fablicos, informa que durante los d\u00edas mi\u00e9rcoles 28, jueves 29 y viernes 30, se llevar\u00e1 a cabo un operativo de&hellip; <\/p>\n","protected":false},"author":1,"featured_media":65645,"comment_status":"closed","ping_status":"closed","sticky":false,"template":"","format":"standard","meta":{"footnotes":""},"categories":[9],"tags":[],"class_list":["post-65644","post","type-post","status-publish","format-standard","has-post-thumbnail","hentry","category-la-banda"],"_links":{"self":[{"href":"http:\/\/elurbanoweb.com.ar\/diario\/wp-json\/wp\/v2\/posts\/65644","targetHints":{"allow":["GET"]}}],"collection":[{"href":"http:\/\/elurbanoweb.com.ar\/diario\/wp-json\/wp\/v2\/posts"}],"about":[{"href":"http:\/\/elurbanoweb.com.ar\/diario\/wp-json\/wp\/v2\/types\/post"}],"author":[{"embeddable":true,"href":"http:\/\/elurbanoweb.com.ar\/diario\/wp-json\/wp\/v2\/users\/1"}],"replies":[{"embeddable":true,"href":"http:\/\/elurbanoweb.com.ar\/diario\/wp-json\/wp\/v2\/comments?post=65644"}],"version-history":[{"count":2,"href":"http:\/\/elurbanoweb.com.ar\/diario\/wp-json\/wp\/v2\/posts\/65644\/revisions"}],"predecessor-version":[{"id":65647,"href":"http:\/\/elurbanoweb.com.ar\/diario\/wp-json\/wp\/v2\/posts\/65644\/revisions\/65647"}],"wp:featuredmedia":[{"embeddable":true,"href":"http:\/\/elurbanoweb.com.ar\/diario\/wp-json\/wp\/v2\/media\/65645"}],"wp:attachment":[{"href":"http:\/\/elurbanoweb.com.ar\/diario\/wp-json\/wp\/v2\/media?parent=65644"}],"wp:term":[{"taxonomy":"category","embeddable":true,"href":"http:\/\/elurbanoweb.com.ar\/diario\/wp-json\/wp\/v2\/categories?post=65644"},{"taxonomy":"post_tag","embeddable":true,"href":"http:\/\/elurbanoweb.com.ar\/diario\/wp-json\/wp\/v2\/tags?post=65644"}],"curies":[{"name":"wp","href":"https:\/\/api.w.org\/{rel}","templated":true}]}}