{"id":65648,"date":"2026-01-29T10:24:22","date_gmt":"2026-01-29T13:24:22","guid":{"rendered":"https:\/\/elurbanoweb.com.ar\/diario\/?p=65648"},"modified":"2026-01-29T10:24:22","modified_gmt":"2026-01-29T13:24:22","slug":"en-el-marco-de-la-campana-agua-para-todos-se-realizo-la-entrega-de-recipientes-para-brindar-agua-a-animales-en-situacion-de-calle","status":"publish","type":"post","link":"http:\/\/elurbanoweb.com.ar\/diario\/en-el-marco-de-la-campana-agua-para-todos-se-realizo-la-entrega-de-recipientes-para-brindar-agua-a-animales-en-situacion-de-calle\/","title":{"rendered":"En el marco de la campa\u00f1a \u201cAgua para Todos\u201d, se realiz\u00f3 la entrega de recipientes para brindar agua a animales en situaci\u00f3n de calle"},"content":{"rendered":"<p>Una acci\u00f3n solidaria frente a las altas temperaturas del verano.<\/p>\n<p><img loading=\"lazy\" decoding=\"async\" class=\"alignnone wp-image-65649 size-large\" src=\"http:\/\/elurbanoweb.com.ar\/diario\/wp-content\/uploads\/2026\/01\/agua0-1024x678.jpg\" alt=\"\" width=\"1024\" height=\"678\" srcset=\"http:\/\/elurbanoweb.com.ar\/diario\/wp-content\/uploads\/2026\/01\/agua0-1024x678.jpg 1024w, http:\/\/elurbanoweb.com.ar\/diario\/wp-content\/uploads\/2026\/01\/agua0-300x199.jpg 300w, http:\/\/elurbanoweb.com.ar\/diario\/wp-content\/uploads\/2026\/01\/agua0-150x99.jpg 150w, http:\/\/elurbanoweb.com.ar\/diario\/wp-content\/uploads\/2026\/01\/agua0-1536x1017.jpg 1536w, http:\/\/elurbanoweb.com.ar\/diario\/wp-content\/uploads\/2026\/01\/agua0-2048x1356.jpg 2048w\" sizes=\"auto, (max-width: 1024px) 100vw, 1024px\" \/><\/p>\n<p><!--more-->La actividad se llev\u00f3 a cabo en el CAMM 7 \u2013 Av. Armstrong, con el objetivo de generar conciencia sobre la importancia de dejar agua limpia y renovarla diariamente.<\/p>\n<p>Un gesto simple puede marcar la diferencia.<\/p>\n<p>Entre todos, cuidamos a quienes m\u00e1s lo necesitan.<\/p>\n","protected":false},"excerpt":{"rendered":"<p>Una acci\u00f3n solidaria frente a las altas temperaturas del verano.<\/p>\n","protected":false},"author":1,"featured_media":65649,"comment_status":"closed","ping_status":"closed","sticky":false,"template":"","format":"standard","meta":{"footnotes":""},"categories":[9],"tags":[],"class_list":["post-65648","post","type-post","status-publish","format-standard","has-post-thumbnail","hentry","category-la-banda"],"_links":{"self":[{"href":"http:\/\/elurbanoweb.com.ar\/diario\/wp-json\/wp\/v2\/posts\/65648","targetHints":{"allow":["GET"]}}],"collection":[{"href":"http:\/\/elurbanoweb.com.ar\/diario\/wp-json\/wp\/v2\/posts"}],"about":[{"href":"http:\/\/elurbanoweb.com.ar\/diario\/wp-json\/wp\/v2\/types\/post"}],"author":[{"embeddable":true,"href":"http:\/\/elurbanoweb.com.ar\/diario\/wp-json\/wp\/v2\/users\/1"}],"replies":[{"embeddable":true,"href":"http:\/\/elurbanoweb.com.ar\/diario\/wp-json\/wp\/v2\/comments?post=65648"}],"version-history":[{"count":1,"href":"http:\/\/elurbanoweb.com.ar\/diario\/wp-json\/wp\/v2\/posts\/65648\/revisions"}],"predecessor-version":[{"id":65650,"href":"http:\/\/elurbanoweb.com.ar\/diario\/wp-json\/wp\/v2\/posts\/65648\/revisions\/65650"}],"wp:featuredmedia":[{"embeddable":true,"href":"http:\/\/elurbanoweb.com.ar\/diario\/wp-json\/wp\/v2\/media\/65649"}],"wp:attachment":[{"href":"http:\/\/elurbanoweb.com.ar\/diario\/wp-json\/wp\/v2\/media?parent=65648"}],"wp:term":[{"taxonomy":"category","embeddable":true,"href":"http:\/\/elurbanoweb.com.ar\/diario\/wp-json\/wp\/v2\/categories?post=65648"},{"taxonomy":"post_tag","embeddable":true,"href":"http:\/\/elurbanoweb.com.ar\/diario\/wp-json\/wp\/v2\/tags?post=65648"}],"curies":[{"name":"wp","href":"https:\/\/api.w.org\/{rel}","templated":true}]}}