{"id":65658,"date":"2026-01-29T10:33:34","date_gmt":"2026-01-29T13:33:34","guid":{"rendered":"https:\/\/elurbanoweb.com.ar\/diario\/?p=65658"},"modified":"2026-01-29T10:33:34","modified_gmt":"2026-01-29T13:33:34","slug":"ya-esta-disponible-la-ficha-medica-para-el-ingreso-escolar-2026","status":"publish","type":"post","link":"http:\/\/elurbanoweb.com.ar\/diario\/ya-esta-disponible-la-ficha-medica-para-el-ingreso-escolar-2026\/","title":{"rendered":"Ya est\u00e1 disponible la ficha m\u00e9dica para el ingreso escolar 2026"},"content":{"rendered":"<p>El Ministerio de Salud de la Provincia puso a disposici\u00f3n de los padres y tutores la ficha m\u00e9dica para el ingreso escolar 2026. El documento debe descargarse desde su sitio web para luego llevar a las UPAs, para completarlo.<\/p>\n<p><img loading=\"lazy\" decoding=\"async\" class=\"alignnone wp-image-65659 size-large\" src=\"http:\/\/elurbanoweb.com.ar\/diario\/wp-content\/uploads\/2026\/01\/alumno1-1024x570.jpg\" alt=\"\" width=\"1024\" height=\"570\" srcset=\"http:\/\/elurbanoweb.com.ar\/diario\/wp-content\/uploads\/2026\/01\/alumno1-1024x570.jpg 1024w, http:\/\/elurbanoweb.com.ar\/diario\/wp-content\/uploads\/2026\/01\/alumno1-300x167.jpg 300w, http:\/\/elurbanoweb.com.ar\/diario\/wp-content\/uploads\/2026\/01\/alumno1-150x84.jpg 150w, http:\/\/elurbanoweb.com.ar\/diario\/wp-content\/uploads\/2026\/01\/alumno1.jpg 1200w\" sizes=\"auto, (max-width: 1024px) 100vw, 1024px\" \/><\/p>\n<p><!--more--><\/p>\n<p>A sabiendas de la gran cantidad de solicitudes para el llenado del formulario, desde el organismo aconsejaron realizar el tr\u00e1mite con anticipaci\u00f3n para evitar demoras durante los meses de mayor demanda.<\/p>\n<p>La Ficha M\u00e9dica para ingreso escolar anual se implementa en los establecimientos escolares de la provincia, correspondientes a los ciclos Inicial, Primario y Secundario a fin de prevenir enfermedades como tambi\u00e9n concretar su detecci\u00f3n temprana. Esta documentaci\u00f3n puede ser completada por centros p\u00fablicos y privados de salud.<\/p>\n<p>Vale recordar que, en las UPAs, los turnos son programados, por lo que se recomienda asistir con tiempo para coordinar la fecha de la consulta.<\/p>\n","protected":false},"excerpt":{"rendered":"<p>El Ministerio de Salud de la Provincia puso a disposici\u00f3n de los padres y tutores la ficha m\u00e9dica para el ingreso escolar 2026. El documento debe descargarse desde su sitio&hellip; <\/p>\n","protected":false},"author":1,"featured_media":65659,"comment_status":"closed","ping_status":"closed","sticky":false,"template":"","format":"standard","meta":{"footnotes":""},"categories":[16],"tags":[],"class_list":["post-65658","post","type-post","status-publish","format-standard","has-post-thumbnail","hentry","category-locales"],"_links":{"self":[{"href":"http:\/\/elurbanoweb.com.ar\/diario\/wp-json\/wp\/v2\/posts\/65658","targetHints":{"allow":["GET"]}}],"collection":[{"href":"http:\/\/elurbanoweb.com.ar\/diario\/wp-json\/wp\/v2\/posts"}],"about":[{"href":"http:\/\/elurbanoweb.com.ar\/diario\/wp-json\/wp\/v2\/types\/post"}],"author":[{"embeddable":true,"href":"http:\/\/elurbanoweb.com.ar\/diario\/wp-json\/wp\/v2\/users\/1"}],"replies":[{"embeddable":true,"href":"http:\/\/elurbanoweb.com.ar\/diario\/wp-json\/wp\/v2\/comments?post=65658"}],"version-history":[{"count":1,"href":"http:\/\/elurbanoweb.com.ar\/diario\/wp-json\/wp\/v2\/posts\/65658\/revisions"}],"predecessor-version":[{"id":65660,"href":"http:\/\/elurbanoweb.com.ar\/diario\/wp-json\/wp\/v2\/posts\/65658\/revisions\/65660"}],"wp:featuredmedia":[{"embeddable":true,"href":"http:\/\/elurbanoweb.com.ar\/diario\/wp-json\/wp\/v2\/media\/65659"}],"wp:attachment":[{"href":"http:\/\/elurbanoweb.com.ar\/diario\/wp-json\/wp\/v2\/media?parent=65658"}],"wp:term":[{"taxonomy":"category","embeddable":true,"href":"http:\/\/elurbanoweb.com.ar\/diario\/wp-json\/wp\/v2\/categories?post=65658"},{"taxonomy":"post_tag","embeddable":true,"href":"http:\/\/elurbanoweb.com.ar\/diario\/wp-json\/wp\/v2\/tags?post=65658"}],"curies":[{"name":"wp","href":"https:\/\/api.w.org\/{rel}","templated":true}]}}