{"id":65661,"date":"2026-01-29T10:34:33","date_gmt":"2026-01-29T13:34:33","guid":{"rendered":"https:\/\/elurbanoweb.com.ar\/diario\/?p=65661"},"modified":"2026-01-29T10:34:33","modified_gmt":"2026-01-29T13:34:33","slug":"la-capital-realiza-la-poda-y-el-mantenimiento-en-la-platabanda-de-av-belgrano","status":"publish","type":"post","link":"http:\/\/elurbanoweb.com.ar\/diario\/la-capital-realiza-la-poda-y-el-mantenimiento-en-la-platabanda-de-av-belgrano\/","title":{"rendered":"La Capital realiza la poda y el mantenimiento en la platabanda de Av. Belgrano"},"content":{"rendered":"<p>La Municipalidad de la Capital realiz\u00f3 tareas de poda y desmalezamiento en la platabanda de la avenida Belgrano, en el tramo comprendido entre Santa Cruz y Ameghino.<\/p>\n<p><img loading=\"lazy\" decoding=\"async\" class=\"alignnone wp-image-65662 size-full\" src=\"http:\/\/elurbanoweb.com.ar\/diario\/wp-content\/uploads\/2026\/01\/cruz.jpg\" alt=\"\" width=\"1010\" height=\"567\" srcset=\"http:\/\/elurbanoweb.com.ar\/diario\/wp-content\/uploads\/2026\/01\/cruz.jpg 1010w, http:\/\/elurbanoweb.com.ar\/diario\/wp-content\/uploads\/2026\/01\/cruz-300x168.jpg 300w, http:\/\/elurbanoweb.com.ar\/diario\/wp-content\/uploads\/2026\/01\/cruz-150x84.jpg 150w\" sizes=\"auto, (max-width: 1010px) 100vw, 1010px\" \/><\/p>\n<p><!--more--> Estas acciones se desarrollan de forma peri\u00f3dica, buscando mantener la limpieza y la est\u00e9tica de los arbustos, canteros y c\u00e9sped de la principal v\u00eda de circulaci\u00f3n de la ciudad.<\/p>\n<p>Los operativos, a cargo de los empleados de la Direcci\u00f3n de Parques y Paseos, continuar\u00e1n los pr\u00f3ximos d\u00edas en el tramo comprendido entre las calles Santa Cruz y Rivadavia.<\/p>\n","protected":false},"excerpt":{"rendered":"<p>La Municipalidad de la Capital realiz\u00f3 tareas de poda y desmalezamiento en la platabanda de la avenida Belgrano, en el tramo comprendido entre Santa Cruz y Ameghino.<\/p>\n","protected":false},"author":1,"featured_media":65662,"comment_status":"closed","ping_status":"closed","sticky":false,"template":"","format":"standard","meta":{"footnotes":""},"categories":[3],"tags":[],"class_list":["post-65661","post","type-post","status-publish","format-standard","has-post-thumbnail","hentry","category-municipio"],"_links":{"self":[{"href":"http:\/\/elurbanoweb.com.ar\/diario\/wp-json\/wp\/v2\/posts\/65661","targetHints":{"allow":["GET"]}}],"collection":[{"href":"http:\/\/elurbanoweb.com.ar\/diario\/wp-json\/wp\/v2\/posts"}],"about":[{"href":"http:\/\/elurbanoweb.com.ar\/diario\/wp-json\/wp\/v2\/types\/post"}],"author":[{"embeddable":true,"href":"http:\/\/elurbanoweb.com.ar\/diario\/wp-json\/wp\/v2\/users\/1"}],"replies":[{"embeddable":true,"href":"http:\/\/elurbanoweb.com.ar\/diario\/wp-json\/wp\/v2\/comments?post=65661"}],"version-history":[{"count":1,"href":"http:\/\/elurbanoweb.com.ar\/diario\/wp-json\/wp\/v2\/posts\/65661\/revisions"}],"predecessor-version":[{"id":65663,"href":"http:\/\/elurbanoweb.com.ar\/diario\/wp-json\/wp\/v2\/posts\/65661\/revisions\/65663"}],"wp:featuredmedia":[{"embeddable":true,"href":"http:\/\/elurbanoweb.com.ar\/diario\/wp-json\/wp\/v2\/media\/65662"}],"wp:attachment":[{"href":"http:\/\/elurbanoweb.com.ar\/diario\/wp-json\/wp\/v2\/media?parent=65661"}],"wp:term":[{"taxonomy":"category","embeddable":true,"href":"http:\/\/elurbanoweb.com.ar\/diario\/wp-json\/wp\/v2\/categories?post=65661"},{"taxonomy":"post_tag","embeddable":true,"href":"http:\/\/elurbanoweb.com.ar\/diario\/wp-json\/wp\/v2\/tags?post=65661"}],"curies":[{"name":"wp","href":"https:\/\/api.w.org\/{rel}","templated":true}]}}