{"id":65664,"date":"2026-01-29T10:38:23","date_gmt":"2026-01-29T13:38:23","guid":{"rendered":"https:\/\/elurbanoweb.com.ar\/diario\/?p=65664"},"modified":"2026-01-29T10:38:23","modified_gmt":"2026-01-29T13:38:23","slug":"se-exhibira-el-listado-definitivo-de-orden-de-merito-2026-de-los-docentes-de-la-municipalidad","status":"publish","type":"post","link":"http:\/\/elurbanoweb.com.ar\/diario\/se-exhibira-el-listado-definitivo-de-orden-de-merito-2026-de-los-docentes-de-la-municipalidad\/","title":{"rendered":"Se exhibir\u00e1 el listado definitivo de orden de m\u00e9rito 2026 de los docentes de la Municipalidad"},"content":{"rendered":"<p>La Junta de Calificaciones y Clasificaciones de la Municipalidad de la Capital inform\u00f3 que la exhibici\u00f3n del listado definitivo de orden de m\u00e9rito correspondiente a la Inscripci\u00f3n Ordinaria para Interinatos y Suplencias de Maestras de Secci\u00f3n, Profesor\/a de M\u00fasica y Profesor\/ra de Educaci\u00f3n F\u00edsica 2026, se llevar\u00e1 a cabo a partir del lunes 2 de febrero en las oficinas ubicadas en Belgrano 800 BLOCK 1 Planta Baja del \u00abComplejo Parque Norte\u00bb, de lunes a viernes en el horario de 8 a 18.<\/p>\n<p><img loading=\"lazy\" decoding=\"async\" class=\"alignnone wp-image-65665 size-large\" src=\"http:\/\/elurbanoweb.com.ar\/diario\/wp-content\/uploads\/2026\/01\/orden2-1024x664.jpg\" alt=\"\" width=\"1024\" height=\"664\" srcset=\"http:\/\/elurbanoweb.com.ar\/diario\/wp-content\/uploads\/2026\/01\/orden2-1024x664.jpg 1024w, http:\/\/elurbanoweb.com.ar\/diario\/wp-content\/uploads\/2026\/01\/orden2-300x195.jpg 300w, http:\/\/elurbanoweb.com.ar\/diario\/wp-content\/uploads\/2026\/01\/orden2-150x97.jpg 150w, http:\/\/elurbanoweb.com.ar\/diario\/wp-content\/uploads\/2026\/01\/orden2-1536x996.jpg 1536w, http:\/\/elurbanoweb.com.ar\/diario\/wp-content\/uploads\/2026\/01\/orden2.jpg 1600w\" sizes=\"auto, (max-width: 1024px) 100vw, 1024px\" \/><\/p>\n<p><!--more-->Adem\u00e1s, los docentes inscriptos podr\u00e1n consultar su puntaje en la p\u00e1gina web sistema.santiagociudad.gov.ar\/educacion\/ingreso.php<\/p>\n","protected":false},"excerpt":{"rendered":"<p>La Junta de Calificaciones y Clasificaciones de la Municipalidad de la Capital inform\u00f3 que la exhibici\u00f3n del listado definitivo de orden de m\u00e9rito correspondiente a la Inscripci\u00f3n Ordinaria para Interinatos&hellip; <\/p>\n","protected":false},"author":1,"featured_media":65665,"comment_status":"closed","ping_status":"closed","sticky":false,"template":"","format":"standard","meta":{"footnotes":""},"categories":[3],"tags":[],"class_list":["post-65664","post","type-post","status-publish","format-standard","has-post-thumbnail","hentry","category-municipio"],"_links":{"self":[{"href":"http:\/\/elurbanoweb.com.ar\/diario\/wp-json\/wp\/v2\/posts\/65664","targetHints":{"allow":["GET"]}}],"collection":[{"href":"http:\/\/elurbanoweb.com.ar\/diario\/wp-json\/wp\/v2\/posts"}],"about":[{"href":"http:\/\/elurbanoweb.com.ar\/diario\/wp-json\/wp\/v2\/types\/post"}],"author":[{"embeddable":true,"href":"http:\/\/elurbanoweb.com.ar\/diario\/wp-json\/wp\/v2\/users\/1"}],"replies":[{"embeddable":true,"href":"http:\/\/elurbanoweb.com.ar\/diario\/wp-json\/wp\/v2\/comments?post=65664"}],"version-history":[{"count":1,"href":"http:\/\/elurbanoweb.com.ar\/diario\/wp-json\/wp\/v2\/posts\/65664\/revisions"}],"predecessor-version":[{"id":65666,"href":"http:\/\/elurbanoweb.com.ar\/diario\/wp-json\/wp\/v2\/posts\/65664\/revisions\/65666"}],"wp:featuredmedia":[{"embeddable":true,"href":"http:\/\/elurbanoweb.com.ar\/diario\/wp-json\/wp\/v2\/media\/65665"}],"wp:attachment":[{"href":"http:\/\/elurbanoweb.com.ar\/diario\/wp-json\/wp\/v2\/media?parent=65664"}],"wp:term":[{"taxonomy":"category","embeddable":true,"href":"http:\/\/elurbanoweb.com.ar\/diario\/wp-json\/wp\/v2\/categories?post=65664"},{"taxonomy":"post_tag","embeddable":true,"href":"http:\/\/elurbanoweb.com.ar\/diario\/wp-json\/wp\/v2\/tags?post=65664"}],"curies":[{"name":"wp","href":"https:\/\/api.w.org\/{rel}","templated":true}]}}