{"id":65667,"date":"2026-01-29T10:40:09","date_gmt":"2026-01-29T13:40:09","guid":{"rendered":"https:\/\/elurbanoweb.com.ar\/diario\/?p=65667"},"modified":"2026-01-29T10:40:09","modified_gmt":"2026-01-29T13:40:09","slug":"el-gobernador-elias-suarez-participo-de-el-anuncio-oficial-del-partido-entre-los-pumas-e-inglaterra-en-el-madre-de-ciudades","status":"publish","type":"post","link":"http:\/\/elurbanoweb.com.ar\/diario\/el-gobernador-elias-suarez-participo-de-el-anuncio-oficial-del-partido-entre-los-pumas-e-inglaterra-en-el-madre-de-ciudades\/","title":{"rendered":"EL Gobernador El\u00edas Su\u00e1rez particip\u00f3 de el anuncio oficial del partido entre Los Pumas e Inglaterra en el Madre de Ciudades"},"content":{"rendered":"<p>El gobernador El\u00edas Su\u00e1rez particip\u00f3 este mi\u00e9rcoles por la tarde el anuncio oficial de la tercera fecha de la Nations Championship, que se disputar\u00e1 el 18 de julio en el Estadio Madre de Ciudades, donde el Seleccionado Argentino de Rugby, Los Pumas, se medir\u00e1 con Inglaterra.<\/p>\n<p><img loading=\"lazy\" decoding=\"async\" class=\"alignnone wp-image-65668 size-large\" src=\"http:\/\/elurbanoweb.com.ar\/diario\/wp-content\/uploads\/2026\/01\/anuncio7-1024x682.jpg\" alt=\"\" width=\"1024\" height=\"682\" srcset=\"http:\/\/elurbanoweb.com.ar\/diario\/wp-content\/uploads\/2026\/01\/anuncio7-1024x682.jpg 1024w, http:\/\/elurbanoweb.com.ar\/diario\/wp-content\/uploads\/2026\/01\/anuncio7-300x200.jpg 300w, http:\/\/elurbanoweb.com.ar\/diario\/wp-content\/uploads\/2026\/01\/anuncio7-150x100.jpg 150w, http:\/\/elurbanoweb.com.ar\/diario\/wp-content\/uploads\/2026\/01\/anuncio7-1536x1024.jpg 1536w, http:\/\/elurbanoweb.com.ar\/diario\/wp-content\/uploads\/2026\/01\/anuncio7-2048x1365.jpg 2048w\" sizes=\"auto, (max-width: 1024px) 100vw, 1024px\" \/><\/p>\n<p><!--more--><\/p>\n<p>Tambi\u00e9n fueron parte de la conferencia el vicegobernador Carlos Silva Neder; el vicepresidente de la Uni\u00f3n Argentina de Rugby, H\u00e9ctor Corbal\u00e1n Costilla; el gerente comercial de la Uni\u00f3n Argentina de Rugby, Miguel Dupont.<\/p>\n<p>La Nations Championship tendr\u00e1 un formato de playoffs luego de seis fechas de fase regular, y Los Pumas ya conocen las sedes para los tres primeros encuentros, uno de los cuales ser\u00e1 Santiago del Estero, con el partido del s\u00e1bado 18 de julio, desde las 16, en el Estadio \u00danico Madre de Ciudades.<\/p>\n<p>En la mesa estuvieron presentes tambi\u00e9n el jefe de Gabinete, V\u00edctor Araujo; el secretario de Deportes, Carlos Dapello; el subsecretario de Turismo, Nelson Bravo; el vicepresidente de la Uni\u00f3n Santiague\u00f1a de Rugby, Ricardo Trouve, y los jugadores de los clubes Old Lions, Juan Pablo Enriquez; de Santiago Lawn Tennis, Augusto Mirolo, y de Santiago Rugby, Daniel P\u00e9rez.<\/p>\n<p>Ante un f\u00f3rum colmado de dirigentes y jugadores de esta disciplina, representantes de c\u00e1maras hoteleras, gastron\u00f3micas y de turismo; ministros, legisladores provinciales y nacionales, entre otros, se present\u00f3 oficialmente el partido.<\/p>\n<p>En este marco, Dapello destac\u00f3 que por tercera vez Santiago del Estero ser\u00e1 sede de un evento tan importante del rugby mundial. \u201cEsto nos llena de orgullo, porque Santiago del Estero hoy es un referente del deporte argentino, con proyecci\u00f3n internacional y una continuidad de m\u00e1s de 20 a\u00f1os en eventos deportivos\u201d.<\/p>\n<p>Dupont agradeci\u00f3 \u201cal gobernador El\u00edas Su\u00e1rez y quienes hicieron posible este partido, que no es un partido m\u00e1s, es el \u00faltimo partido de Nations Championship, que es un torneo nuevo que se empieza a jugar a partir de este a\u00f1o, que se va a jugar cada dos a\u00f1os con los 12 mejores equipos de del mundo\u201d.<\/p>\n<p>Resalt\u00f3: \u201cEs similar a un mundial y lo vamos a jugar aqu\u00ed, en Santiago, que tiene el mejor estadio del pa\u00eds y la visibilidad que va a tener a nivel televisi\u00f3n y a nivel mundial es mucho m\u00e1s grande de lo que uno puede imaginar; con lo cual eso para el rugby y para esta provincia es sumamente importante. Adem\u00e1s se jugar\u00e1 con Inglaterra, que a nivel mundial es el segundo equipo de Europa, o el primero\u201d.<\/p>\n<p>En tanto, Corbal\u00e1n Costilla dijo: \u201cLa Uni\u00f3n Argentina de Rugby hace un enorme esfuerzo para que Los Pumas est\u00e9n en todo el pa\u00eds, porque de los seis partidos, cinco vamos a jugarlos en el interior y uno de ellos nuevamente es nuestra querida provincia de Santiago del Estero\u201d.<\/p>\n<p>Destac\u00f3 tambi\u00e9n que estas pol\u00edticas en materia deportiva en Santiago del Estero iniciaron con la gesti\u00f3n de Gerardo Zamora, \u201cque hoy contin\u00faan gratamente El\u00edas Su\u00e1rez, lo que hace que tengamos previsibilidad y que el deporte sea cada vez m\u00e1s fuerte en la provincia\u201d.<\/p>\n<p>A su turno, el gobernador Su\u00e1rez expres\u00f3: \u201cNos sentimos muy honrados y comprometidos con esta designaci\u00f3n junto a otras provincias, como C\u00f3rdoba y San Juan, de ser sede de un importante campeonato a nivel internacional que nos pone a los santiague\u00f1os muy contentos por estar y ser protagonistas de un evento de este nivel que nuclea a los 12 seleccionados m\u00e1s importantes del mundo\u201d.<\/p>\n<p>En otro orden, remarc\u00f3 que este evento se enmarca en las pol\u00edticas de Estado que se impulsan desde el Gobierno y dijo: \u201cEn Santiago del Estero hemos dicho siempre que el deporte y el turismo son pol\u00edticas de Estado, lo hicimos durante estos \u00faltimos 20 a\u00f1os bajo la gesti\u00f3n del ex gobernador Gerardo Zamora, durante la gesti\u00f3n de Claudia Zamora, y a nosotros nos toca seguir por ese mismo rumbo, de sostener que Santiago del Estero tiene una verdadera pol\u00edtica de Estado en materia deportiva y tur\u00edstica\u201d.<\/p>\n<p>Al final destac\u00f3 la importancia de estas acciones a trav\u00e9s de obras como el Estadio \u00danico, el Aut\u00f3dromo, el Museo del Autom\u00f3vil, el Golf Club, las pistas de BMX, el Natatorio provincial, entre otras. \u201cHemos invertido en una infraestructura deportiva importante, no solo apoyando al deporte, sino promovi\u00e9ndolo como una alternativa para nuestros j\u00f3venes\u201d, se\u00f1al\u00f3.<\/p>\n<p>\u201cPor eso entendemos que el deporte es una pol\u00edtica de Estado, porque es valiosa a la hora de llevar adelante acciones en materia social y deportiva\u201d, concluy\u00f3.<\/p>\n","protected":false},"excerpt":{"rendered":"<p>El gobernador El\u00edas Su\u00e1rez particip\u00f3 este mi\u00e9rcoles por la tarde el anuncio oficial de la tercera fecha de la Nations Championship, que se disputar\u00e1 el 18 de julio en el&hellip; <\/p>\n","protected":false},"author":1,"featured_media":65668,"comment_status":"closed","ping_status":"closed","sticky":false,"template":"","format":"standard","meta":{"footnotes":""},"categories":[4,2],"tags":[],"class_list":["post-65667","post","type-post","status-publish","format-standard","has-post-thumbnail","hentry","category-deportes","category-gobierno"],"_links":{"self":[{"href":"http:\/\/elurbanoweb.com.ar\/diario\/wp-json\/wp\/v2\/posts\/65667","targetHints":{"allow":["GET"]}}],"collection":[{"href":"http:\/\/elurbanoweb.com.ar\/diario\/wp-json\/wp\/v2\/posts"}],"about":[{"href":"http:\/\/elurbanoweb.com.ar\/diario\/wp-json\/wp\/v2\/types\/post"}],"author":[{"embeddable":true,"href":"http:\/\/elurbanoweb.com.ar\/diario\/wp-json\/wp\/v2\/users\/1"}],"replies":[{"embeddable":true,"href":"http:\/\/elurbanoweb.com.ar\/diario\/wp-json\/wp\/v2\/comments?post=65667"}],"version-history":[{"count":1,"href":"http:\/\/elurbanoweb.com.ar\/diario\/wp-json\/wp\/v2\/posts\/65667\/revisions"}],"predecessor-version":[{"id":65669,"href":"http:\/\/elurbanoweb.com.ar\/diario\/wp-json\/wp\/v2\/posts\/65667\/revisions\/65669"}],"wp:featuredmedia":[{"embeddable":true,"href":"http:\/\/elurbanoweb.com.ar\/diario\/wp-json\/wp\/v2\/media\/65668"}],"wp:attachment":[{"href":"http:\/\/elurbanoweb.com.ar\/diario\/wp-json\/wp\/v2\/media?parent=65667"}],"wp:term":[{"taxonomy":"category","embeddable":true,"href":"http:\/\/elurbanoweb.com.ar\/diario\/wp-json\/wp\/v2\/categories?post=65667"},{"taxonomy":"post_tag","embeddable":true,"href":"http:\/\/elurbanoweb.com.ar\/diario\/wp-json\/wp\/v2\/tags?post=65667"}],"curies":[{"name":"wp","href":"https:\/\/api.w.org\/{rel}","templated":true}]}}