{"id":65670,"date":"2026-01-29T14:04:08","date_gmt":"2026-01-29T17:04:08","guid":{"rendered":"https:\/\/elurbanoweb.com.ar\/diario\/?p=65670"},"modified":"2026-01-29T14:04:08","modified_gmt":"2026-01-29T17:04:08","slug":"continuan-abiertas-las-inscripciones-para-la-colonia-de-vacaciones-2026-en-el-gimnasio-municipal","status":"publish","type":"post","link":"http:\/\/elurbanoweb.com.ar\/diario\/continuan-abiertas-las-inscripciones-para-la-colonia-de-vacaciones-2026-en-el-gimnasio-municipal\/","title":{"rendered":"Contin\u00faan abiertas las inscripciones para la Colonia de Vacaciones 2026 en el Gimnasio Municipal"},"content":{"rendered":"<p>Debido al \u00e9xito y la gran convocatoria registrada desde su inicio, la Colonia de Vacaciones 2026 contin\u00faa desarroll\u00e1ndose en el Gimnasio Municipal, manteniendo abiertas las inscripciones para ni\u00f1as y ni\u00f1os de la ciudad.<\/p>\n<p><img loading=\"lazy\" decoding=\"async\" class=\"alignnone wp-image-65671 size-full\" src=\"http:\/\/elurbanoweb.com.ar\/diario\/wp-content\/uploads\/2026\/01\/colonia1.jpg\" alt=\"\" width=\"1010\" height=\"567\" srcset=\"http:\/\/elurbanoweb.com.ar\/diario\/wp-content\/uploads\/2026\/01\/colonia1.jpg 1010w, http:\/\/elurbanoweb.com.ar\/diario\/wp-content\/uploads\/2026\/01\/colonia1-300x168.jpg 300w, http:\/\/elurbanoweb.com.ar\/diario\/wp-content\/uploads\/2026\/01\/colonia1-150x84.jpg 150w\" sizes=\"auto, (max-width: 1010px) 100vw, 1010px\" \/><\/p>\n<p><!--more--><\/p>\n<p>La propuesta, que cuenta con una importante participaci\u00f3n de ni\u00f1os y familias, tiene como objetivo brindar un espacio recreativo, de contenci\u00f3n y disfrute durante el receso de verano. En ese sentido, se inform\u00f3 que la colonia est\u00e1 destinada a ni\u00f1os y ni\u00f1as de entre 5 y 12 a\u00f1os.<\/p>\n<p>Entre las actividades previstas se incluyen juegos recreativos, encuentros grupales, conversatorios y el uso del natatorio municipal, promoviendo la inclusi\u00f3n, el cuidado integral y el desarrollo de h\u00e1bitos saludables en un entorno seguro.<\/p>\n<p>Finalmente, se invita a madres, padres y tutores a acercarse al Gimnasio Municipal o a la Direcci\u00f3n de Deportes para realizar las inscripciones, presentando \u00fanicamente el DNI del ni\u00f1o o ni\u00f1a para acreditar la edad.<\/p>\n<p>Cabe destacar que la Colonia de Vacaciones es totalmente gratuita, reafirmando el compromiso del Municipio de seguir impulsando pol\u00edticas p\u00fablicas que garanticen el acceso igualitario al deporte y la recreaci\u00f3n para la ni\u00f1ez bande\u00f1a.<\/p>\n","protected":false},"excerpt":{"rendered":"<p>Debido al \u00e9xito y la gran convocatoria registrada desde su inicio, la Colonia de Vacaciones 2026 contin\u00faa desarroll\u00e1ndose en el Gimnasio Municipal, manteniendo abiertas las inscripciones para ni\u00f1as y ni\u00f1os&hellip; <\/p>\n","protected":false},"author":1,"featured_media":65671,"comment_status":"closed","ping_status":"closed","sticky":false,"template":"","format":"standard","meta":{"footnotes":""},"categories":[9],"tags":[],"class_list":["post-65670","post","type-post","status-publish","format-standard","has-post-thumbnail","hentry","category-la-banda"],"_links":{"self":[{"href":"http:\/\/elurbanoweb.com.ar\/diario\/wp-json\/wp\/v2\/posts\/65670","targetHints":{"allow":["GET"]}}],"collection":[{"href":"http:\/\/elurbanoweb.com.ar\/diario\/wp-json\/wp\/v2\/posts"}],"about":[{"href":"http:\/\/elurbanoweb.com.ar\/diario\/wp-json\/wp\/v2\/types\/post"}],"author":[{"embeddable":true,"href":"http:\/\/elurbanoweb.com.ar\/diario\/wp-json\/wp\/v2\/users\/1"}],"replies":[{"embeddable":true,"href":"http:\/\/elurbanoweb.com.ar\/diario\/wp-json\/wp\/v2\/comments?post=65670"}],"version-history":[{"count":1,"href":"http:\/\/elurbanoweb.com.ar\/diario\/wp-json\/wp\/v2\/posts\/65670\/revisions"}],"predecessor-version":[{"id":65672,"href":"http:\/\/elurbanoweb.com.ar\/diario\/wp-json\/wp\/v2\/posts\/65670\/revisions\/65672"}],"wp:featuredmedia":[{"embeddable":true,"href":"http:\/\/elurbanoweb.com.ar\/diario\/wp-json\/wp\/v2\/media\/65671"}],"wp:attachment":[{"href":"http:\/\/elurbanoweb.com.ar\/diario\/wp-json\/wp\/v2\/media?parent=65670"}],"wp:term":[{"taxonomy":"category","embeddable":true,"href":"http:\/\/elurbanoweb.com.ar\/diario\/wp-json\/wp\/v2\/categories?post=65670"},{"taxonomy":"post_tag","embeddable":true,"href":"http:\/\/elurbanoweb.com.ar\/diario\/wp-json\/wp\/v2\/tags?post=65670"}],"curies":[{"name":"wp","href":"https:\/\/api.w.org\/{rel}","templated":true}]}}