{"id":65673,"date":"2026-01-29T14:05:12","date_gmt":"2026-01-29T17:05:12","guid":{"rendered":"https:\/\/elurbanoweb.com.ar\/diario\/?p=65673"},"modified":"2026-01-29T14:05:12","modified_gmt":"2026-01-29T17:05:12","slug":"dengue-el-ministerio-de-salud-refuerza-la-importancia-de-eliminar-criaderos-despues-de-las-lluvias","status":"publish","type":"post","link":"http:\/\/elurbanoweb.com.ar\/diario\/dengue-el-ministerio-de-salud-refuerza-la-importancia-de-eliminar-criaderos-despues-de-las-lluvias\/","title":{"rendered":"Dengue: el Ministerio de Salud refuerza la importancia de eliminar criaderos despu\u00e9s de las lluvias"},"content":{"rendered":"<p>El Ministerio de Salud de la Provincia de Santiago del Estero insta a la poblaci\u00f3n a revisar patios, jardines y espacios abiertos luego de cada lluvia, con el objetivo de eliminar posibles criaderos del mosquito Aedes aegypti, transmisor del dengue.<\/p>\n<p><img loading=\"lazy\" decoding=\"async\" class=\"alignnone wp-image-65674 size-full\" src=\"http:\/\/elurbanoweb.com.ar\/diario\/wp-content\/uploads\/2026\/01\/dengue.jpg\" alt=\"\" width=\"989\" height=\"556\" srcset=\"http:\/\/elurbanoweb.com.ar\/diario\/wp-content\/uploads\/2026\/01\/dengue.jpg 989w, http:\/\/elurbanoweb.com.ar\/diario\/wp-content\/uploads\/2026\/01\/dengue-300x169.jpg 300w, http:\/\/elurbanoweb.com.ar\/diario\/wp-content\/uploads\/2026\/01\/dengue-150x84.jpg 150w\" sizes=\"auto, (max-width: 989px) 100vw, 989px\" \/><\/p>\n<p><!--more--><\/p>\n<p>Desde la cartera sanitaria provincial remarcaron que el agua acumulada en recipientes, macetas, baldes, botellas, canaletas y otros objetos constituye el principal foco de reproducci\u00f3n del mosquito, por lo que su eliminaci\u00f3n resulta clave para cortar el ciclo de transmisi\u00f3n.<br \/>\n\u201cSin criadero no hay mosquito, y sin mosquito no hay dengue\u201d, destacaron desde el Ministerio, subrayando la importancia de la participaci\u00f3n activa de cada vecino y vecina en las tareas de prevenci\u00f3n, especialmente durante los per\u00edodos de lluvias y altas temperaturas.<\/p>\n<p>Asimismo, se record\u00f3 que la prevenci\u00f3n del dengue es una responsabilidad compartida y que las acciones m\u00e1s efectivas comienzan en el hogar, mediante el descacharrado y el control permanente de espacios donde pueda acumularse agua.<\/p>\n<p>El Gobierno de la Provincia, a trav\u00e9s del Ministerio de Salud, contin\u00faa desarrollando acciones de concientizaci\u00f3n y control en todo el territorio, reforzando el compromiso con el cuidado de la salud p\u00fablica y la prevenci\u00f3n de enfermedades transmitidas por mosquitos.<\/p>\n","protected":false},"excerpt":{"rendered":"<p>El Ministerio de Salud de la Provincia de Santiago del Estero insta a la poblaci\u00f3n a revisar patios, jardines y espacios abiertos luego de cada lluvia, con el objetivo de&hellip; <\/p>\n","protected":false},"author":1,"featured_media":65674,"comment_status":"closed","ping_status":"closed","sticky":false,"template":"","format":"standard","meta":{"footnotes":""},"categories":[16],"tags":[],"class_list":["post-65673","post","type-post","status-publish","format-standard","has-post-thumbnail","hentry","category-locales"],"_links":{"self":[{"href":"http:\/\/elurbanoweb.com.ar\/diario\/wp-json\/wp\/v2\/posts\/65673","targetHints":{"allow":["GET"]}}],"collection":[{"href":"http:\/\/elurbanoweb.com.ar\/diario\/wp-json\/wp\/v2\/posts"}],"about":[{"href":"http:\/\/elurbanoweb.com.ar\/diario\/wp-json\/wp\/v2\/types\/post"}],"author":[{"embeddable":true,"href":"http:\/\/elurbanoweb.com.ar\/diario\/wp-json\/wp\/v2\/users\/1"}],"replies":[{"embeddable":true,"href":"http:\/\/elurbanoweb.com.ar\/diario\/wp-json\/wp\/v2\/comments?post=65673"}],"version-history":[{"count":1,"href":"http:\/\/elurbanoweb.com.ar\/diario\/wp-json\/wp\/v2\/posts\/65673\/revisions"}],"predecessor-version":[{"id":65675,"href":"http:\/\/elurbanoweb.com.ar\/diario\/wp-json\/wp\/v2\/posts\/65673\/revisions\/65675"}],"wp:featuredmedia":[{"embeddable":true,"href":"http:\/\/elurbanoweb.com.ar\/diario\/wp-json\/wp\/v2\/media\/65674"}],"wp:attachment":[{"href":"http:\/\/elurbanoweb.com.ar\/diario\/wp-json\/wp\/v2\/media?parent=65673"}],"wp:term":[{"taxonomy":"category","embeddable":true,"href":"http:\/\/elurbanoweb.com.ar\/diario\/wp-json\/wp\/v2\/categories?post=65673"},{"taxonomy":"post_tag","embeddable":true,"href":"http:\/\/elurbanoweb.com.ar\/diario\/wp-json\/wp\/v2\/tags?post=65673"}],"curies":[{"name":"wp","href":"https:\/\/api.w.org\/{rel}","templated":true}]}}