{"id":65676,"date":"2026-01-30T12:15:01","date_gmt":"2026-01-30T15:15:01","guid":{"rendered":"https:\/\/elurbanoweb.com.ar\/diario\/?p=65676"},"modified":"2026-01-30T12:15:01","modified_gmt":"2026-01-30T15:15:01","slug":"el-camm-n7-sufrio-un-robo-de-cables-que-interrumpio-la-atencion-medica","status":"publish","type":"post","link":"http:\/\/elurbanoweb.com.ar\/diario\/el-camm-n7-sufrio-un-robo-de-cables-que-interrumpio-la-atencion-medica\/","title":{"rendered":"El CAMM N\u00b07 sufri\u00f3 un robo de cables que interrumpi\u00f3 la atenci\u00f3n m\u00e9dica"},"content":{"rendered":"<p>El Centro de Atenci\u00f3n M\u00e9dica Municipal (CAMM) N\u00b07, ubicado en el barrio Avenida, fue v\u00edctima de un robo de cables ocurrido durante la madrugada, hecho que fue advertido alrededor de las 7 de la ma\u00f1ana, cuando el personal lleg\u00f3 a cumplir con su jornada laboral y constat\u00f3 que el establecimiento se encontraba sin suministro el\u00e9ctrico.<\/p>\n<p><img loading=\"lazy\" decoding=\"async\" class=\"alignnone wp-image-65677 size-full\" src=\"http:\/\/elurbanoweb.com.ar\/diario\/wp-content\/uploads\/2026\/01\/camm.jpg\" alt=\"\" width=\"1010\" height=\"567\" srcset=\"http:\/\/elurbanoweb.com.ar\/diario\/wp-content\/uploads\/2026\/01\/camm.jpg 1010w, http:\/\/elurbanoweb.com.ar\/diario\/wp-content\/uploads\/2026\/01\/camm-300x168.jpg 300w, http:\/\/elurbanoweb.com.ar\/diario\/wp-content\/uploads\/2026\/01\/camm-150x84.jpg 150w\" sizes=\"auto, (max-width: 1010px) 100vw, 1010px\" \/><\/p>\n<p><!--more--><\/p>\n<p>La situaci\u00f3n gener\u00f3 serias dificultades en el normal funcionamiento del centro de salud, afectando la atenci\u00f3n a los vecinos y provocando un escenario complejo para trabajadores y pacientes, teniendo en cuenta la importancia de los servicios que all\u00ed se brindan.<\/p>\n<p>Desde el Municipio se dio intervenci\u00f3n a las \u00e1reas correspondientes para evaluar los da\u00f1os, avanzar con las denuncias pertinentes y trabajar en la pronta restituci\u00f3n del servicio el\u00e9ctrico, con el objetivo de normalizar la atenci\u00f3n m\u00e9dica lo antes posible.<\/p>\n<p>Asimismo, se solicita a la comunidad colaborar con informaci\u00f3n que pueda ser de utilidad para esclarecer el hecho, remarcando que este tipo de actos delictivos perjudican directamente a toda la comunidad, especialmente en espacios esenciales como los centros de salud.<\/p>\n","protected":false},"excerpt":{"rendered":"<p>El Centro de Atenci\u00f3n M\u00e9dica Municipal (CAMM) N\u00b07, ubicado en el barrio Avenida, fue v\u00edctima de un robo de cables ocurrido durante la madrugada, hecho que fue advertido alrededor de&hellip; <\/p>\n","protected":false},"author":1,"featured_media":65677,"comment_status":"closed","ping_status":"closed","sticky":false,"template":"","format":"standard","meta":{"footnotes":""},"categories":[9],"tags":[],"class_list":["post-65676","post","type-post","status-publish","format-standard","has-post-thumbnail","hentry","category-la-banda"],"_links":{"self":[{"href":"http:\/\/elurbanoweb.com.ar\/diario\/wp-json\/wp\/v2\/posts\/65676","targetHints":{"allow":["GET"]}}],"collection":[{"href":"http:\/\/elurbanoweb.com.ar\/diario\/wp-json\/wp\/v2\/posts"}],"about":[{"href":"http:\/\/elurbanoweb.com.ar\/diario\/wp-json\/wp\/v2\/types\/post"}],"author":[{"embeddable":true,"href":"http:\/\/elurbanoweb.com.ar\/diario\/wp-json\/wp\/v2\/users\/1"}],"replies":[{"embeddable":true,"href":"http:\/\/elurbanoweb.com.ar\/diario\/wp-json\/wp\/v2\/comments?post=65676"}],"version-history":[{"count":1,"href":"http:\/\/elurbanoweb.com.ar\/diario\/wp-json\/wp\/v2\/posts\/65676\/revisions"}],"predecessor-version":[{"id":65678,"href":"http:\/\/elurbanoweb.com.ar\/diario\/wp-json\/wp\/v2\/posts\/65676\/revisions\/65678"}],"wp:featuredmedia":[{"embeddable":true,"href":"http:\/\/elurbanoweb.com.ar\/diario\/wp-json\/wp\/v2\/media\/65677"}],"wp:attachment":[{"href":"http:\/\/elurbanoweb.com.ar\/diario\/wp-json\/wp\/v2\/media?parent=65676"}],"wp:term":[{"taxonomy":"category","embeddable":true,"href":"http:\/\/elurbanoweb.com.ar\/diario\/wp-json\/wp\/v2\/categories?post=65676"},{"taxonomy":"post_tag","embeddable":true,"href":"http:\/\/elurbanoweb.com.ar\/diario\/wp-json\/wp\/v2\/tags?post=65676"}],"curies":[{"name":"wp","href":"https:\/\/api.w.org\/{rel}","templated":true}]}}