{"id":65679,"date":"2026-01-30T12:16:46","date_gmt":"2026-01-30T15:16:46","guid":{"rendered":"https:\/\/elurbanoweb.com.ar\/diario\/?p=65679"},"modified":"2026-01-30T12:16:46","modified_gmt":"2026-01-30T15:16:46","slug":"el-municipio-inicio-un-amplio-operativo-de-fumigacion-en-el-sur-de-la-ciudad","status":"publish","type":"post","link":"http:\/\/elurbanoweb.com.ar\/diario\/el-municipio-inicio-un-amplio-operativo-de-fumigacion-en-el-sur-de-la-ciudad\/","title":{"rendered":"El municipio inici\u00f3 un amplio operativo de fumigaci\u00f3n en el sur de la ciudad"},"content":{"rendered":"<p>El d\u00eda mi\u00e9rcoles, el \u00e1rea de Fumigaci\u00f3n de la municipalidad de La Banda comenz\u00f3 a desarrollar un amplio operativo de fumigaci\u00f3n en el sector sur de la ciudad, en el marco de la Campa\u00f1a Para Combatir el Dengue impulsada por la gesti\u00f3n del intendente Ing. Roger El\u00edas Nediani.<\/p>\n<p><img loading=\"lazy\" decoding=\"async\" class=\"alignnone wp-image-65680 size-full\" src=\"http:\/\/elurbanoweb.com.ar\/diario\/wp-content\/uploads\/2026\/01\/fumiga2.jpg\" alt=\"\" width=\"1010\" height=\"567\" srcset=\"http:\/\/elurbanoweb.com.ar\/diario\/wp-content\/uploads\/2026\/01\/fumiga2.jpg 1010w, http:\/\/elurbanoweb.com.ar\/diario\/wp-content\/uploads\/2026\/01\/fumiga2-300x168.jpg 300w, http:\/\/elurbanoweb.com.ar\/diario\/wp-content\/uploads\/2026\/01\/fumiga2-150x84.jpg 150w\" sizes=\"auto, (max-width: 1010px) 100vw, 1010px\" \/><\/p>\n<p><!--more--><\/p>\n<p>Desde el \u00e1rea dependiente de la Secretar\u00eda de Servicios P\u00fablicos se inform\u00f3 que estas acciones se realizar\u00e1n durante tres d\u00edas, a partir de las 20, con el fin de combatir la presencia del vector transmisor del dengue y prevenir su reproducci\u00f3n en los desag\u00fces a cielo abierto.<\/p>\n<p>De este modo, el municipio sigue desarrollando una importante campa\u00f1a para combatir el dengue, con tareas que comprenden desmalezamiento, limpieza, descacharreo y fumigaciones de los espacios p\u00fablicos.<\/p>\n<p>El responsable del \u00e1rea de Fumigaci\u00f3n, Sebasti\u00e1n Vega, inform\u00f3 lo siguiente: \u201cHoy hemos comenzado con la fumigaci\u00f3n masiva en la zona sur de la ciudad de La Banda y la semana que viene vamos a seguir en las zonas norte, este y oeste.<\/p>\n<p>El punto de partida del operativo de hoy fue en el barrio La Fraternidad y comprende una fumigaci\u00f3n espacial para ir de a poco combatiendo el vector transmisor del dengue, porque se viene una temporada dif\u00edcil donde el mosquito se reproduce r\u00e1pidamente por las constantes precipitaciones.<\/p>\n<p>Comenzamos a trabajar desde las 20 en adelante, porque es el horario donde los mosquitos aparecen y as\u00ed as\u00ed los podemos atacar directamente con el rociado.<\/p>\n<p>Tambi\u00e9n vamos a estar trabajando en lo que son los desag\u00fces a cielo abierto, echando larvicidas, para poder ir combatiendo los lugares de reproducci\u00f3n del mosquito.<\/p>\n<p>Como siempre, queremos pedir la colaboraci\u00f3n de los vecinos, en cuanto a mantener el pasto bajo en sus casas y descartar elementos que acumulan agua.<\/p>\n<p>Y en cuanto a la basura, el municipio ha implementado un amplio cronograma, con d\u00edas y horario de recolecci\u00f3n, que abarca cada sector de la ciudad. Por lo tanto, pedimos a los vecinos que colaboren y respeten los d\u00edas y horarios de recolecci\u00f3n, para poder mantener una ciudad limpia y libre de dengue.<\/p>\n<p>Por \u00faltimo, quiero destacar que en esta oportunidad personal municipal tambi\u00e9n realiz\u00f3 tareas de desmalezamiento en el barrio La Fraternidad. De este modo, el \u00e1rea de Fumigaci\u00f3n trabajamos en forma conjunta con los obradores Misky Mayu, San Carlos y San Fernando.<\/p>\n<p>Este trabajo coordinado con los compa\u00f1eros municipales nos permite combatir el dengue con varias acciones como desmalezamiento, limpieza, descacharreo y las fumigaciones\u201d.<\/p>\n","protected":false},"excerpt":{"rendered":"<p>El d\u00eda mi\u00e9rcoles, el \u00e1rea de Fumigaci\u00f3n de la municipalidad de La Banda comenz\u00f3 a desarrollar un amplio operativo de fumigaci\u00f3n en el sector sur de la ciudad, en el&hellip; <\/p>\n","protected":false},"author":1,"featured_media":65680,"comment_status":"closed","ping_status":"closed","sticky":false,"template":"","format":"standard","meta":{"footnotes":""},"categories":[9],"tags":[],"class_list":["post-65679","post","type-post","status-publish","format-standard","has-post-thumbnail","hentry","category-la-banda"],"_links":{"self":[{"href":"http:\/\/elurbanoweb.com.ar\/diario\/wp-json\/wp\/v2\/posts\/65679","targetHints":{"allow":["GET"]}}],"collection":[{"href":"http:\/\/elurbanoweb.com.ar\/diario\/wp-json\/wp\/v2\/posts"}],"about":[{"href":"http:\/\/elurbanoweb.com.ar\/diario\/wp-json\/wp\/v2\/types\/post"}],"author":[{"embeddable":true,"href":"http:\/\/elurbanoweb.com.ar\/diario\/wp-json\/wp\/v2\/users\/1"}],"replies":[{"embeddable":true,"href":"http:\/\/elurbanoweb.com.ar\/diario\/wp-json\/wp\/v2\/comments?post=65679"}],"version-history":[{"count":1,"href":"http:\/\/elurbanoweb.com.ar\/diario\/wp-json\/wp\/v2\/posts\/65679\/revisions"}],"predecessor-version":[{"id":65681,"href":"http:\/\/elurbanoweb.com.ar\/diario\/wp-json\/wp\/v2\/posts\/65679\/revisions\/65681"}],"wp:featuredmedia":[{"embeddable":true,"href":"http:\/\/elurbanoweb.com.ar\/diario\/wp-json\/wp\/v2\/media\/65680"}],"wp:attachment":[{"href":"http:\/\/elurbanoweb.com.ar\/diario\/wp-json\/wp\/v2\/media?parent=65679"}],"wp:term":[{"taxonomy":"category","embeddable":true,"href":"http:\/\/elurbanoweb.com.ar\/diario\/wp-json\/wp\/v2\/categories?post=65679"},{"taxonomy":"post_tag","embeddable":true,"href":"http:\/\/elurbanoweb.com.ar\/diario\/wp-json\/wp\/v2\/tags?post=65679"}],"curies":[{"name":"wp","href":"https:\/\/api.w.org\/{rel}","templated":true}]}}