{"id":65682,"date":"2026-01-30T12:19:25","date_gmt":"2026-01-30T15:19:25","guid":{"rendered":"https:\/\/elurbanoweb.com.ar\/diario\/?p=65682"},"modified":"2026-01-30T12:19:25","modified_gmt":"2026-01-30T15:19:25","slug":"la-virgen-de-huachana-visito-comunidades-en-salta-y-se-vivieron-emotivas-muestras-de-fe","status":"publish","type":"post","link":"http:\/\/elurbanoweb.com.ar\/diario\/la-virgen-de-huachana-visito-comunidades-en-salta-y-se-vivieron-emotivas-muestras-de-fe\/","title":{"rendered":"La Virgen de Huachana visit\u00f3 comunidades en Salta y se vivieron emotivas muestras de fe"},"content":{"rendered":"<p>La imagen aut\u00e9ntica de la Virgen de Huachana se encuentra finalizando una misi\u00f3n pastoral por distintas ciudades y comunidades del departamento Anta, en la provincia de Salta, donde es recibida por multitudes de fieles que expresan una devoci\u00f3n profunda y arraigada a la Madre de Huachana.<\/p>\n<p><img loading=\"lazy\" decoding=\"async\" class=\"alignnone wp-image-65683 size-full\" src=\"http:\/\/elurbanoweb.com.ar\/diario\/wp-content\/uploads\/2026\/01\/virgen0.jpg\" alt=\"\" width=\"1010\" height=\"567\" srcset=\"http:\/\/elurbanoweb.com.ar\/diario\/wp-content\/uploads\/2026\/01\/virgen0.jpg 1010w, http:\/\/elurbanoweb.com.ar\/diario\/wp-content\/uploads\/2026\/01\/virgen0-300x168.jpg 300w, http:\/\/elurbanoweb.com.ar\/diario\/wp-content\/uploads\/2026\/01\/virgen0-150x84.jpg 150w\" sizes=\"auto, (max-width: 1010px) 100vw, 1010px\" \/><\/p>\n<p><!--more--><\/p>\n<p>La Virgen de Huachana lleva adelante una misi\u00f3n evangelizadora y pastoral, visitando comunidades salte\u00f1as para compartir un mensaje de fe, esperanza y cercan\u00eda espiritual, que culmina este jueves 29.<\/p>\n<p>La misi\u00f3n es acompa\u00f1ada por el rector del Santuario Virgen de Huachana y un grupo de servidores, junto a comunidades parroquiales y numerosos fieles que participan activamente de cada recibimiento.<\/p>\n<p>La imagen visit\u00f3 distintas localidades del departamento Anta, entre ellas El Quebrachal, Tolloche, Gaona, Nuestra Se\u00f1ora de Talavera, Finca Las Margaritas, Joaqu\u00edn V. Gonz\u00e1lez y Las Lajitas.<\/p>\n<p>La misi\u00f3n se desarroll\u00f3 del 26 al 29 de enero de 2026, en el marco de una gira pastoral previa a la Fiesta Chica de la Aparici\u00f3n de la Virgen, que comenzar\u00e1 el 31 de enero en Huachana, Departamento Alberdi, Santiago del Estero.<\/p>\n<p>El objetivo principal de esta misi\u00f3n es renovar la esperanza, fortalecer la fe de las comunidades y preparar espiritualmente a los fieles de cara a la pr\u00f3xima Fiesta Chica de la Aparici\u00f3n de Nuestra Se\u00f1ora de Huachana, una de las celebraciones religiosas m\u00e1s significativas del norte argentino.<\/p>\n<p>En cada una de las localidades visitadas, la llegada de la imagen genera multitudinarias expresiones de fe, con oraciones, procesiones, m\u00fasica y muestras de profundo fervor popular, reflejo del lazo hist\u00f3rico y espiritual que une a estas comunidades salte\u00f1as con la Virgen de Huachana.<\/p>\n","protected":false},"excerpt":{"rendered":"<p>La imagen aut\u00e9ntica de la Virgen de Huachana se encuentra finalizando una misi\u00f3n pastoral por distintas ciudades y comunidades del departamento Anta, en la provincia de Salta, donde es recibida&hellip; <\/p>\n","protected":false},"author":1,"featured_media":65683,"comment_status":"closed","ping_status":"closed","sticky":false,"template":"","format":"standard","meta":{"footnotes":""},"categories":[10],"tags":[],"class_list":["post-65682","post","type-post","status-publish","format-standard","has-post-thumbnail","hentry","category-interior"],"_links":{"self":[{"href":"http:\/\/elurbanoweb.com.ar\/diario\/wp-json\/wp\/v2\/posts\/65682","targetHints":{"allow":["GET"]}}],"collection":[{"href":"http:\/\/elurbanoweb.com.ar\/diario\/wp-json\/wp\/v2\/posts"}],"about":[{"href":"http:\/\/elurbanoweb.com.ar\/diario\/wp-json\/wp\/v2\/types\/post"}],"author":[{"embeddable":true,"href":"http:\/\/elurbanoweb.com.ar\/diario\/wp-json\/wp\/v2\/users\/1"}],"replies":[{"embeddable":true,"href":"http:\/\/elurbanoweb.com.ar\/diario\/wp-json\/wp\/v2\/comments?post=65682"}],"version-history":[{"count":1,"href":"http:\/\/elurbanoweb.com.ar\/diario\/wp-json\/wp\/v2\/posts\/65682\/revisions"}],"predecessor-version":[{"id":65684,"href":"http:\/\/elurbanoweb.com.ar\/diario\/wp-json\/wp\/v2\/posts\/65682\/revisions\/65684"}],"wp:featuredmedia":[{"embeddable":true,"href":"http:\/\/elurbanoweb.com.ar\/diario\/wp-json\/wp\/v2\/media\/65683"}],"wp:attachment":[{"href":"http:\/\/elurbanoweb.com.ar\/diario\/wp-json\/wp\/v2\/media?parent=65682"}],"wp:term":[{"taxonomy":"category","embeddable":true,"href":"http:\/\/elurbanoweb.com.ar\/diario\/wp-json\/wp\/v2\/categories?post=65682"},{"taxonomy":"post_tag","embeddable":true,"href":"http:\/\/elurbanoweb.com.ar\/diario\/wp-json\/wp\/v2\/tags?post=65682"}],"curies":[{"name":"wp","href":"https:\/\/api.w.org\/{rel}","templated":true}]}}