{"id":65688,"date":"2026-01-30T12:23:12","date_gmt":"2026-01-30T15:23:12","guid":{"rendered":"https:\/\/elurbanoweb.com.ar\/diario\/?p=65688"},"modified":"2026-01-30T12:23:12","modified_gmt":"2026-01-30T15:23:12","slug":"desde-la-unse-impulsan-un-doctorado-con-enfoque-regional-en-ciencias-sociales-y-politicas","status":"publish","type":"post","link":"http:\/\/elurbanoweb.com.ar\/diario\/desde-la-unse-impulsan-un-doctorado-con-enfoque-regional-en-ciencias-sociales-y-politicas\/","title":{"rendered":"Desde la UNSE impulsan un doctorado con enfoque regional en ciencias sociales y pol\u00edticas"},"content":{"rendered":"<p>La Facultad de Humanidades, Ciencias Sociales y de la Salud informa que contin\u00faan abiertas las preinscripciones para la cohorte 2026 del Doctorado en Estudios Sociales y Pol\u00edticos Regionales.<\/p>\n<p><img loading=\"lazy\" decoding=\"async\" class=\"alignnone wp-image-65689 size-full\" src=\"http:\/\/elurbanoweb.com.ar\/diario\/wp-content\/uploads\/2026\/01\/humanidades0.jpg\" alt=\"\" width=\"1024\" height=\"698\" srcset=\"http:\/\/elurbanoweb.com.ar\/diario\/wp-content\/uploads\/2026\/01\/humanidades0.jpg 1024w, http:\/\/elurbanoweb.com.ar\/diario\/wp-content\/uploads\/2026\/01\/humanidades0-300x204.jpg 300w, http:\/\/elurbanoweb.com.ar\/diario\/wp-content\/uploads\/2026\/01\/humanidades0-150x102.jpg 150w\" sizes=\"auto, (max-width: 1024px) 100vw, 1024px\" \/><\/p>\n<p><!--more--><\/p>\n<p>La Facultad de Humanidades, Ciencias Sociales y de la Salud de la Universidad Nacional de Santiago del Estero informa que contin\u00faan abiertas las preinscripciones para la cohorte 2026 del Doctorado en Estudios Sociales y Pol\u00edticos Regionales, una propuesta de formaci\u00f3n de posgrado de car\u00e1cter interinstitucional, orientada a fortalecer la investigaci\u00f3n y la producci\u00f3n de conocimiento situado en las realidades regionales.<\/p>\n<p>Las preinscripciones permanecer\u00e1n abiertas hasta el 22 de febrero de 2026. La propuesta cuenta con sedes acad\u00e9micas en Catamarca, La Rioja, Santiago del Estero y Tucum\u00e1n, consolidando una red regional de formaci\u00f3n doctoral.<\/p>\n<p>El doctorado est\u00e1 destinado a graduados y graduadas de universidades argentinas o extranjeras que cuenten con t\u00edtulo de grado en carreras de cuatro a\u00f1os de duraci\u00f3n m\u00ednima, as\u00ed como tambi\u00e9n a egresados de carreras del nivel superior no universitario con igual carga horaria, pertenecientes a disciplinas afines.<\/p>\n<p>En los casos en que la formaci\u00f3n previa no corresponda estrictamente al campo de las ciencias sociales y pol\u00edticas, el Comit\u00e9 Acad\u00e9mico evaluar\u00e1 la trayectoria laboral o formativa del postulante, priorizando la pertinencia con los objetivos de la carrera.<\/p>\n<p>Al respecto, la decana de la Facultad de Humanidades, Ciencias Sociales y de la Salud, Sandra Moreira, destac\u00f3 la importancia de esta oferta acad\u00e9mica y se\u00f1al\u00f3 que \u201cel Doctorado en Estudios Sociales y Pol\u00edticos Regionales constituye una herramienta estrat\u00e9gica para la formaci\u00f3n de investigadores e investigadoras capaces de analizar cr\u00edticamente las problem\u00e1ticas sociales, pol\u00edticas y territoriales de nuestra regi\u00f3n, desde una perspectiva situada y comprometida con el desarrollo local y regional\u201d.<\/p>\n","protected":false},"excerpt":{"rendered":"<p>La Facultad de Humanidades, Ciencias Sociales y de la Salud informa que contin\u00faan abiertas las preinscripciones para la cohorte 2026 del Doctorado en Estudios Sociales y Pol\u00edticos Regionales.<\/p>\n","protected":false},"author":1,"featured_media":65689,"comment_status":"closed","ping_status":"closed","sticky":false,"template":"","format":"standard","meta":{"footnotes":""},"categories":[15],"tags":[],"class_list":["post-65688","post","type-post","status-publish","format-standard","has-post-thumbnail","hentry","category-unse"],"_links":{"self":[{"href":"http:\/\/elurbanoweb.com.ar\/diario\/wp-json\/wp\/v2\/posts\/65688","targetHints":{"allow":["GET"]}}],"collection":[{"href":"http:\/\/elurbanoweb.com.ar\/diario\/wp-json\/wp\/v2\/posts"}],"about":[{"href":"http:\/\/elurbanoweb.com.ar\/diario\/wp-json\/wp\/v2\/types\/post"}],"author":[{"embeddable":true,"href":"http:\/\/elurbanoweb.com.ar\/diario\/wp-json\/wp\/v2\/users\/1"}],"replies":[{"embeddable":true,"href":"http:\/\/elurbanoweb.com.ar\/diario\/wp-json\/wp\/v2\/comments?post=65688"}],"version-history":[{"count":1,"href":"http:\/\/elurbanoweb.com.ar\/diario\/wp-json\/wp\/v2\/posts\/65688\/revisions"}],"predecessor-version":[{"id":65690,"href":"http:\/\/elurbanoweb.com.ar\/diario\/wp-json\/wp\/v2\/posts\/65688\/revisions\/65690"}],"wp:featuredmedia":[{"embeddable":true,"href":"http:\/\/elurbanoweb.com.ar\/diario\/wp-json\/wp\/v2\/media\/65689"}],"wp:attachment":[{"href":"http:\/\/elurbanoweb.com.ar\/diario\/wp-json\/wp\/v2\/media?parent=65688"}],"wp:term":[{"taxonomy":"category","embeddable":true,"href":"http:\/\/elurbanoweb.com.ar\/diario\/wp-json\/wp\/v2\/categories?post=65688"},{"taxonomy":"post_tag","embeddable":true,"href":"http:\/\/elurbanoweb.com.ar\/diario\/wp-json\/wp\/v2\/tags?post=65688"}],"curies":[{"name":"wp","href":"https:\/\/api.w.org\/{rel}","templated":true}]}}