{"id":65691,"date":"2026-01-30T12:25:10","date_gmt":"2026-01-30T15:25:10","guid":{"rendered":"https:\/\/elurbanoweb.com.ar\/diario\/?p=65691"},"modified":"2026-01-30T12:25:10","modified_gmt":"2026-01-30T15:25:10","slug":"mario-musha-carabajal-tendra-un-emotivo-homenaje-en-la-sexta-luna-del-festival-nacional-de-cosquin","status":"publish","type":"post","link":"http:\/\/elurbanoweb.com.ar\/diario\/mario-musha-carabajal-tendra-un-emotivo-homenaje-en-la-sexta-luna-del-festival-nacional-de-cosquin\/","title":{"rendered":"Mario \u201cMusha\u201d Carabajal tendr\u00e1 un emotivo homenaje en la sexta luna del Festival Nacional de Cosqu\u00edn"},"content":{"rendered":"<p>La agrupaci\u00f3n \u201cCanto que Emerge\u201d contar\u00e1 con la participaci\u00f3n de Peteco Carabajal para homenajar a \u201cMusha\u201d Carabajal en la sexta luna cosco\u00edna.<\/p>\n<p><img loading=\"lazy\" decoding=\"async\" class=\"alignnone wp-image-65692 size-full\" src=\"http:\/\/elurbanoweb.com.ar\/diario\/wp-content\/uploads\/2026\/01\/musha.jpg\" alt=\"\" width=\"1010\" height=\"567\" srcset=\"http:\/\/elurbanoweb.com.ar\/diario\/wp-content\/uploads\/2026\/01\/musha.jpg 1010w, http:\/\/elurbanoweb.com.ar\/diario\/wp-content\/uploads\/2026\/01\/musha-300x168.jpg 300w, http:\/\/elurbanoweb.com.ar\/diario\/wp-content\/uploads\/2026\/01\/musha-150x84.jpg 150w\" sizes=\"auto, (max-width: 1010px) 100vw, 1010px\" \/><\/p>\n<p><!--more--><\/p>\n<p>La sexta noche del Festival Nacional de Folklore de Cosqu\u00edn estar\u00e1 atravesada por la emoci\u00f3n y la memoria. Este jueves, el escenario Atahualpa Yupanqui ser\u00e1 testigo de un sentido homenaje a Mario \u201cMusha\u201d Carabajal, una de las figuras m\u00e1s queridas y trascendentes de la m\u00fasica popular argentina.<\/p>\n<p>El reconocimiento estar\u00e1 a cargo de la agrupaci\u00f3n Canto que Emerge, que contar\u00e1 con la participaci\u00f3n de destacados artistas invitados, entre ellos Peteco Carabajal, en una propuesta que promete una verdadera celebraci\u00f3n de la chacarera y del legado musical del hist\u00f3rico integrante de la familia Carabajal.<\/p>\n<p>\u201cLa verdad es que estamos muy emocionados de participar en este festival, sobre todo porque en esta oportunidad estaremos homenajeando a nuestro querido Mario \u2018Musha\u2019 Carabajal junto a otros muchos artistas en este marco tan importante. Todo esto para nosotros es muy importante\u201d, se\u00f1al\u00f3.<\/p>\n<p>Adem\u00e1s, adelant\u00f3 que ser\u00e1 una noche fiel al esp\u00edritu del m\u00fasico santiague\u00f1o: \u201cVa a ser una noche llena de chacareras, como al t\u00edo Musha le hubiese gustado, sobre todo porque va a estar Peteco con nosotros junto a otros artistas m\u00e1s\u201d.<\/p>\n","protected":false},"excerpt":{"rendered":"<p>La agrupaci\u00f3n \u201cCanto que Emerge\u201d contar\u00e1 con la participaci\u00f3n de Peteco Carabajal para homenajar a \u201cMusha\u201d Carabajal en la sexta luna cosco\u00edna.<\/p>\n","protected":false},"author":1,"featured_media":65692,"comment_status":"closed","ping_status":"closed","sticky":false,"template":"","format":"standard","meta":{"footnotes":""},"categories":[16],"tags":[],"class_list":["post-65691","post","type-post","status-publish","format-standard","has-post-thumbnail","hentry","category-locales"],"_links":{"self":[{"href":"http:\/\/elurbanoweb.com.ar\/diario\/wp-json\/wp\/v2\/posts\/65691","targetHints":{"allow":["GET"]}}],"collection":[{"href":"http:\/\/elurbanoweb.com.ar\/diario\/wp-json\/wp\/v2\/posts"}],"about":[{"href":"http:\/\/elurbanoweb.com.ar\/diario\/wp-json\/wp\/v2\/types\/post"}],"author":[{"embeddable":true,"href":"http:\/\/elurbanoweb.com.ar\/diario\/wp-json\/wp\/v2\/users\/1"}],"replies":[{"embeddable":true,"href":"http:\/\/elurbanoweb.com.ar\/diario\/wp-json\/wp\/v2\/comments?post=65691"}],"version-history":[{"count":1,"href":"http:\/\/elurbanoweb.com.ar\/diario\/wp-json\/wp\/v2\/posts\/65691\/revisions"}],"predecessor-version":[{"id":65693,"href":"http:\/\/elurbanoweb.com.ar\/diario\/wp-json\/wp\/v2\/posts\/65691\/revisions\/65693"}],"wp:featuredmedia":[{"embeddable":true,"href":"http:\/\/elurbanoweb.com.ar\/diario\/wp-json\/wp\/v2\/media\/65692"}],"wp:attachment":[{"href":"http:\/\/elurbanoweb.com.ar\/diario\/wp-json\/wp\/v2\/media?parent=65691"}],"wp:term":[{"taxonomy":"category","embeddable":true,"href":"http:\/\/elurbanoweb.com.ar\/diario\/wp-json\/wp\/v2\/categories?post=65691"},{"taxonomy":"post_tag","embeddable":true,"href":"http:\/\/elurbanoweb.com.ar\/diario\/wp-json\/wp\/v2\/tags?post=65691"}],"curies":[{"name":"wp","href":"https:\/\/api.w.org\/{rel}","templated":true}]}}