{"id":65694,"date":"2026-01-30T12:27:06","date_gmt":"2026-01-30T15:27:06","guid":{"rendered":"https:\/\/elurbanoweb.com.ar\/diario\/?p=65694"},"modified":"2026-01-30T12:27:06","modified_gmt":"2026-01-30T15:27:06","slug":"la-municipalidad-trabaja-en-el-corte-de-malezas-en-la-av-circunvalacion","status":"publish","type":"post","link":"http:\/\/elurbanoweb.com.ar\/diario\/la-municipalidad-trabaja-en-el-corte-de-malezas-en-la-av-circunvalacion\/","title":{"rendered":"La Municipalidad trabaja en el corte de malezas en la Av. Circunvalaci\u00f3n"},"content":{"rendered":"<p>La Direcci\u00f3n de Servicios Urbanos de la Municipalidad de la Capital llev\u00f3 adelante tareas de recolecci\u00f3n de residuos, limpieza y desmalezamiento en la Avda. Circunvalaci\u00f3n Ra\u00fal Alfons\u00edn y en su colectora, desde la Ruta N\u00b0 9 hacia el oeste.<\/p>\n<p><img loading=\"lazy\" decoding=\"async\" class=\"alignnone wp-image-65695 size-full\" src=\"http:\/\/elurbanoweb.com.ar\/diario\/wp-content\/uploads\/2026\/01\/maleza1.jpg\" alt=\"\" width=\"864\" height=\"995\" srcset=\"http:\/\/elurbanoweb.com.ar\/diario\/wp-content\/uploads\/2026\/01\/maleza1.jpg 864w, http:\/\/elurbanoweb.com.ar\/diario\/wp-content\/uploads\/2026\/01\/maleza1-261x300.jpg 261w, http:\/\/elurbanoweb.com.ar\/diario\/wp-content\/uploads\/2026\/01\/maleza1-130x150.jpg 130w\" sizes=\"auto, (max-width: 864px) 100vw, 864px\" \/><\/p>\n<p><!--more--> Los trabajos buscan contrarrestar el crecimiento de malezas y pastizales que en esta \u00e9poca del a\u00f1o se producen de forma m\u00e1s r\u00e1pida por las condiciones de humedad que conserva el suelo debido a las abundantes precipitaciones.<\/p>\n<p>Estos operativos se realizaron para mantener la higiene urbana y dar respuesta a los reclamos de los vecinos de la zona. Sin embargo, es importante destacar que dichos corredores pertenecen a la \u00f3rbita de la Direcci\u00f3n Nacional de Vialidad, a quien corresponde la responsabilidad por su mantenimiento.<\/p>\n","protected":false},"excerpt":{"rendered":"<p>La Direcci\u00f3n de Servicios Urbanos de la Municipalidad de la Capital llev\u00f3 adelante tareas de recolecci\u00f3n de residuos, limpieza y desmalezamiento en la Avda. Circunvalaci\u00f3n Ra\u00fal Alfons\u00edn y en su&hellip; <\/p>\n","protected":false},"author":1,"featured_media":65695,"comment_status":"closed","ping_status":"closed","sticky":false,"template":"","format":"standard","meta":{"footnotes":""},"categories":[3],"tags":[],"class_list":["post-65694","post","type-post","status-publish","format-standard","has-post-thumbnail","hentry","category-municipio"],"_links":{"self":[{"href":"http:\/\/elurbanoweb.com.ar\/diario\/wp-json\/wp\/v2\/posts\/65694","targetHints":{"allow":["GET"]}}],"collection":[{"href":"http:\/\/elurbanoweb.com.ar\/diario\/wp-json\/wp\/v2\/posts"}],"about":[{"href":"http:\/\/elurbanoweb.com.ar\/diario\/wp-json\/wp\/v2\/types\/post"}],"author":[{"embeddable":true,"href":"http:\/\/elurbanoweb.com.ar\/diario\/wp-json\/wp\/v2\/users\/1"}],"replies":[{"embeddable":true,"href":"http:\/\/elurbanoweb.com.ar\/diario\/wp-json\/wp\/v2\/comments?post=65694"}],"version-history":[{"count":1,"href":"http:\/\/elurbanoweb.com.ar\/diario\/wp-json\/wp\/v2\/posts\/65694\/revisions"}],"predecessor-version":[{"id":65696,"href":"http:\/\/elurbanoweb.com.ar\/diario\/wp-json\/wp\/v2\/posts\/65694\/revisions\/65696"}],"wp:featuredmedia":[{"embeddable":true,"href":"http:\/\/elurbanoweb.com.ar\/diario\/wp-json\/wp\/v2\/media\/65695"}],"wp:attachment":[{"href":"http:\/\/elurbanoweb.com.ar\/diario\/wp-json\/wp\/v2\/media?parent=65694"}],"wp:term":[{"taxonomy":"category","embeddable":true,"href":"http:\/\/elurbanoweb.com.ar\/diario\/wp-json\/wp\/v2\/categories?post=65694"},{"taxonomy":"post_tag","embeddable":true,"href":"http:\/\/elurbanoweb.com.ar\/diario\/wp-json\/wp\/v2\/tags?post=65694"}],"curies":[{"name":"wp","href":"https:\/\/api.w.org\/{rel}","templated":true}]}}