{"id":65697,"date":"2026-01-30T12:29:48","date_gmt":"2026-01-30T15:29:48","guid":{"rendered":"https:\/\/elurbanoweb.com.ar\/diario\/?p=65697"},"modified":"2026-01-30T12:29:48","modified_gmt":"2026-01-30T15:29:48","slug":"lucas-victoriano-fue-presentado-como-dt-de-quimsa-estoy-contento-de-llegar-a-una-institucion-que-siempre-quiere-mas","status":"publish","type":"post","link":"http:\/\/elurbanoweb.com.ar\/diario\/lucas-victoriano-fue-presentado-como-dt-de-quimsa-estoy-contento-de-llegar-a-una-institucion-que-siempre-quiere-mas\/","title":{"rendered":"Lucas Victoriano fue presentado como DT de Quimsa: \u00abEstoy contento de llegar a una instituci\u00f3n que siempre quiere m\u00e1s\u201d"},"content":{"rendered":"<p>Lucas Victoriano fue presentado oficialmente como entrenador de Quimsa en una conferencia de prensa realizada en el Estadio Ciudad, donde expres\u00f3 su entusiasmo por asumir el desaf\u00edo de conducir a la Fusi\u00f3n en la Liga Nacional.<\/p>\n<p><img loading=\"lazy\" decoding=\"async\" class=\"alignnone wp-image-65698 size-full\" src=\"http:\/\/elurbanoweb.com.ar\/diario\/wp-content\/uploads\/2026\/01\/lucas.jpg\" alt=\"\" width=\"1010\" height=\"567\" srcset=\"http:\/\/elurbanoweb.com.ar\/diario\/wp-content\/uploads\/2026\/01\/lucas.jpg 1010w, http:\/\/elurbanoweb.com.ar\/diario\/wp-content\/uploads\/2026\/01\/lucas-300x168.jpg 300w, http:\/\/elurbanoweb.com.ar\/diario\/wp-content\/uploads\/2026\/01\/lucas-150x84.jpg 150w\" sizes=\"auto, (max-width: 1010px) 100vw, 1010px\" \/><\/p>\n<p><!--more--><\/p>\n<p>Durante la presentaci\u00f3n, el presidente de la Asociaci\u00f3n Atl\u00e9tica Quimsa, Gerardo Montenegro, destac\u00f3 la llegada del t\u00e9cnico tucumano al proyecto deportivo del club. \u201cEs un placer presentarlo al nuevo entrenador que se suma a nuestro proyecto deportivo. Conoce el club, es un entrenador que ha ganado t\u00edtulos nacionales e internacionales y sabe de la pasi\u00f3n del santiague\u00f1o por el b\u00e1squet\u201d, se\u00f1al\u00f3 el dirigente, dese\u00e1ndole \u00e9xito en esta nueva etapa.<\/p>\n<p>Victoriano regresa a la instituci\u00f3n tras su paso como asistente t\u00e9cnico en la temporada 2016\/17 y manifest\u00f3 su satisfacci\u00f3n por volver a Santiago del Estero. \u201cEstoy contento de llegar a una instituci\u00f3n que siempre quiere m\u00e1s, es parte de mi esencia ser competitivo. Llego para representar a un club que siempre busc\u00f3 ser protagonista\u201d, afirm\u00f3.<\/p>\n<p>Adem\u00e1s, remarc\u00f3 el valor del proyecto y el conocimiento que tiene del medio. \u201cEs bueno estar en un equipo donde los dirigentes saben lo que quieren. Al ser tucumano y tras haber dirigido en contra en varias oportunidades conozco el ambiente de Santiago del Estero. Voy a dar el cien por ciento mientras disfruto el proceso\u201d, agreg\u00f3.<\/p>\n<p>El nuevo DT tambi\u00e9n hizo referencia al desaf\u00edo que implica suceder a Leandro Ramella y a su \u00faltima experiencia en Europa. \u201cQuimsa siempre quiere m\u00e1s, no es nada f\u00e1cil estar tantos a\u00f1os en la \u00e9lite. No es sencillo suceder al gran trabajo que realiz\u00f3 Ramella. Vengo de una experiencia que no sali\u00f3 como esperaba en Espa\u00f1a, pero fue enriquecedora para m\u00ed, siempre manteniendo mi esencia y mi entrega por el b\u00e1squet\u201d, explic\u00f3.<\/p>\n<p>Por \u00faltimo, Victoriano analiz\u00f3 el contexto de la competencia local. \u201cNos encontramos con una Liga muy pareja y larga, donde equipos que buscan ser protagonistas no est\u00e1n en los puestos esperados. Hay tiempo para trabajar, son doce equipos los que clasifican a playoffs\u201d, cerr\u00f3 el entrenador de 48 a\u00f1os.<\/p>\n<p>El debut de Lucas Victoriano al frente de Quimsa ser\u00e1 este lunes, cuando la Fusi\u00f3n reciba a Pe\u00f1arol desde las 22.10 en el Estadio Ciudad.<\/p>\n","protected":false},"excerpt":{"rendered":"<p>Lucas Victoriano fue presentado oficialmente como entrenador de Quimsa en una conferencia de prensa realizada en el Estadio Ciudad, donde expres\u00f3 su entusiasmo por asumir el desaf\u00edo de conducir a&hellip; <\/p>\n","protected":false},"author":1,"featured_media":65698,"comment_status":"closed","ping_status":"closed","sticky":false,"template":"","format":"standard","meta":{"footnotes":""},"categories":[4],"tags":[],"class_list":["post-65697","post","type-post","status-publish","format-standard","has-post-thumbnail","hentry","category-deportes"],"_links":{"self":[{"href":"http:\/\/elurbanoweb.com.ar\/diario\/wp-json\/wp\/v2\/posts\/65697","targetHints":{"allow":["GET"]}}],"collection":[{"href":"http:\/\/elurbanoweb.com.ar\/diario\/wp-json\/wp\/v2\/posts"}],"about":[{"href":"http:\/\/elurbanoweb.com.ar\/diario\/wp-json\/wp\/v2\/types\/post"}],"author":[{"embeddable":true,"href":"http:\/\/elurbanoweb.com.ar\/diario\/wp-json\/wp\/v2\/users\/1"}],"replies":[{"embeddable":true,"href":"http:\/\/elurbanoweb.com.ar\/diario\/wp-json\/wp\/v2\/comments?post=65697"}],"version-history":[{"count":1,"href":"http:\/\/elurbanoweb.com.ar\/diario\/wp-json\/wp\/v2\/posts\/65697\/revisions"}],"predecessor-version":[{"id":65699,"href":"http:\/\/elurbanoweb.com.ar\/diario\/wp-json\/wp\/v2\/posts\/65697\/revisions\/65699"}],"wp:featuredmedia":[{"embeddable":true,"href":"http:\/\/elurbanoweb.com.ar\/diario\/wp-json\/wp\/v2\/media\/65698"}],"wp:attachment":[{"href":"http:\/\/elurbanoweb.com.ar\/diario\/wp-json\/wp\/v2\/media?parent=65697"}],"wp:term":[{"taxonomy":"category","embeddable":true,"href":"http:\/\/elurbanoweb.com.ar\/diario\/wp-json\/wp\/v2\/categories?post=65697"},{"taxonomy":"post_tag","embeddable":true,"href":"http:\/\/elurbanoweb.com.ar\/diario\/wp-json\/wp\/v2\/tags?post=65697"}],"curies":[{"name":"wp","href":"https:\/\/api.w.org\/{rel}","templated":true}]}}