{"id":65706,"date":"2026-01-30T12:38:24","date_gmt":"2026-01-30T15:38:24","guid":{"rendered":"https:\/\/elurbanoweb.com.ar\/diario\/?p=65706"},"modified":"2026-01-30T12:38:24","modified_gmt":"2026-01-30T15:38:24","slug":"el-gobierno-de-la-provincia-realiza-inspecciones-y-monitoreo-permanente-en-la-ribera-del-rio-dulce","status":"publish","type":"post","link":"http:\/\/elurbanoweb.com.ar\/diario\/el-gobierno-de-la-provincia-realiza-inspecciones-y-monitoreo-permanente-en-la-ribera-del-rio-dulce\/","title":{"rendered":"El Gobierno de la Provincia realiza inspecciones y monitoreo permanente en la ribera del R\u00edo Dulce"},"content":{"rendered":"<p>Ante la situaci\u00f3n de p\u00fablico conocimiento generada por la crecida del R\u00edo Dulce, el Gobierno de la Provincia, a trav\u00e9s del Ministerio de Obras, Servicios P\u00fablicos y Agua, lleva adelante un monitoreo permanente del cauce y de las zonas ribere\u00f1as.<\/p>\n<p><img loading=\"lazy\" decoding=\"async\" class=\"alignnone wp-image-65707 size-large\" src=\"http:\/\/elurbanoweb.com.ar\/diario\/wp-content\/uploads\/2026\/01\/monitoreo-1024x461.jpg\" alt=\"\" width=\"1024\" height=\"461\" srcset=\"http:\/\/elurbanoweb.com.ar\/diario\/wp-content\/uploads\/2026\/01\/monitoreo-1024x461.jpg 1024w, http:\/\/elurbanoweb.com.ar\/diario\/wp-content\/uploads\/2026\/01\/monitoreo-300x135.jpg 300w, http:\/\/elurbanoweb.com.ar\/diario\/wp-content\/uploads\/2026\/01\/monitoreo-150x68.jpg 150w, http:\/\/elurbanoweb.com.ar\/diario\/wp-content\/uploads\/2026\/01\/monitoreo-1536x691.jpg 1536w, http:\/\/elurbanoweb.com.ar\/diario\/wp-content\/uploads\/2026\/01\/monitoreo.jpg 1600w\" sizes=\"auto, (max-width: 1024px) 100vw, 1024px\" \/><\/p>\n<p><!--more--><\/p>\n<p>En ese marco, el ministro Aldo Hid, junto al secretario Jorge Zuain, y acompa\u00f1ados por el subsecretario del Agua, Sergio Zaltz, y el director de la Direcci\u00f3n de Obras Sanitarias de la Provincia, Guillermo Rivero, realizaron una inspecci\u00f3n en distintos sectores de la ribera del R\u00edo Dulce y en otras zonas estrat\u00e9gicas.<\/p>\n<p>Durante el recorrido, las autoridades verificaron el comportamiento del nivel del agua y evaluaron las condiciones generales del entorno, con el objetivo de contar con informaci\u00f3n actualizada sobre el estado del cauce y prevenir posibles contingencias.<\/p>\n<p>Desde el Ministerio se inform\u00f3 que se contin\u00faa con el seguimiento constante de la situaci\u00f3n, reforzando las acciones de control y prevenci\u00f3n, en cumplimiento de las expresas indicaciones del gobernador de la provincia, El\u00edas Su\u00e1rez, priorizando la seguridad de las comunidades y el cuidado de la infraestructura h\u00eddrica.<\/p>\n","protected":false},"excerpt":{"rendered":"<p>Ante la situaci\u00f3n de p\u00fablico conocimiento generada por la crecida del R\u00edo Dulce, el Gobierno de la Provincia, a trav\u00e9s del Ministerio de Obras, Servicios P\u00fablicos y Agua, lleva adelante&hellip; <\/p>\n","protected":false},"author":1,"featured_media":65707,"comment_status":"closed","ping_status":"closed","sticky":false,"template":"","format":"standard","meta":{"footnotes":""},"categories":[2],"tags":[],"class_list":["post-65706","post","type-post","status-publish","format-standard","has-post-thumbnail","hentry","category-gobierno"],"_links":{"self":[{"href":"http:\/\/elurbanoweb.com.ar\/diario\/wp-json\/wp\/v2\/posts\/65706","targetHints":{"allow":["GET"]}}],"collection":[{"href":"http:\/\/elurbanoweb.com.ar\/diario\/wp-json\/wp\/v2\/posts"}],"about":[{"href":"http:\/\/elurbanoweb.com.ar\/diario\/wp-json\/wp\/v2\/types\/post"}],"author":[{"embeddable":true,"href":"http:\/\/elurbanoweb.com.ar\/diario\/wp-json\/wp\/v2\/users\/1"}],"replies":[{"embeddable":true,"href":"http:\/\/elurbanoweb.com.ar\/diario\/wp-json\/wp\/v2\/comments?post=65706"}],"version-history":[{"count":1,"href":"http:\/\/elurbanoweb.com.ar\/diario\/wp-json\/wp\/v2\/posts\/65706\/revisions"}],"predecessor-version":[{"id":65708,"href":"http:\/\/elurbanoweb.com.ar\/diario\/wp-json\/wp\/v2\/posts\/65706\/revisions\/65708"}],"wp:featuredmedia":[{"embeddable":true,"href":"http:\/\/elurbanoweb.com.ar\/diario\/wp-json\/wp\/v2\/media\/65707"}],"wp:attachment":[{"href":"http:\/\/elurbanoweb.com.ar\/diario\/wp-json\/wp\/v2\/media?parent=65706"}],"wp:term":[{"taxonomy":"category","embeddable":true,"href":"http:\/\/elurbanoweb.com.ar\/diario\/wp-json\/wp\/v2\/categories?post=65706"},{"taxonomy":"post_tag","embeddable":true,"href":"http:\/\/elurbanoweb.com.ar\/diario\/wp-json\/wp\/v2\/tags?post=65706"}],"curies":[{"name":"wp","href":"https:\/\/api.w.org\/{rel}","templated":true}]}}