{"id":65709,"date":"2026-01-31T09:52:52","date_gmt":"2026-01-31T12:52:52","guid":{"rendered":"https:\/\/elurbanoweb.com.ar\/diario\/?p=65709"},"modified":"2026-01-31T09:52:52","modified_gmt":"2026-01-31T12:52:52","slug":"academias-de-danzas-y-agrupaciones-murgueras-se-suman-a-los-festejos-del-cuarto-aniversario-de-los-gloriosos-de-la-banda","status":"publish","type":"post","link":"http:\/\/elurbanoweb.com.ar\/diario\/academias-de-danzas-y-agrupaciones-murgueras-se-suman-a-los-festejos-del-cuarto-aniversario-de-los-gloriosos-de-la-banda\/","title":{"rendered":"Academias de danzas y agrupaciones murgueras se suman a los festejos del cuarto aniversario de \u201cLos Gloriosos de La Banda\u201d"},"content":{"rendered":"<p>La Municipalidad de La Banda acompa\u00f1ar\u00e1 la celebraci\u00f3n del cuarto aniversario de la \u201cMurga Los Gloriosos de La Banda\u201d que tendr\u00e1 lugar en las instalaciones del Patin\u00f3dromo Municipal el pr\u00f3ximo s\u00e1bado 31 a partir de las 20, evento al que se sumar\u00e1n numerosas agrupaciones de danzas folcl\u00f3ricas y murgas locales y de ciudades aleda\u00f1as.<\/p>\n<p><img loading=\"lazy\" decoding=\"async\" class=\"alignnone wp-image-65710 size-full\" src=\"http:\/\/elurbanoweb.com.ar\/diario\/wp-content\/uploads\/2026\/01\/gloriosos.jpg\" alt=\"\" width=\"1010\" height=\"567\" srcset=\"http:\/\/elurbanoweb.com.ar\/diario\/wp-content\/uploads\/2026\/01\/gloriosos.jpg 1010w, http:\/\/elurbanoweb.com.ar\/diario\/wp-content\/uploads\/2026\/01\/gloriosos-300x168.jpg 300w, http:\/\/elurbanoweb.com.ar\/diario\/wp-content\/uploads\/2026\/01\/gloriosos-150x84.jpg 150w\" sizes=\"auto, (max-width: 1010px) 100vw, 1010px\" \/><\/p>\n<p><!--more--><\/p>\n<p>Desde la organizaci\u00f3n se inform\u00f3 que estar\u00e1n presentes tambi\u00e9n la Academia de Danzas Folcl\u00f3ricas \u201cJuan Saavedra\u201d, \u201cCentro Murga Incomparables de la Loma\u201d, \u201cLa 14 de Fr\u00edas\u201d, \u201cCentro de murga elegante del Carnaval\u201d, \u201cMurga La Telesita\u201d, \u201cImperio de Samba &#8211; La bater\u00eda universo de sonido\u201d, \u201cCentro de Murga: Murgueros del Oeste\u201d y \u201cLos Gloriosos de La Banda\u201d.<\/p>\n<p>El director de la murga, Los Gloriosos de La Banda, Bruno D\u00edaz, explic\u00f3 lo siguiente: \u201cHoy estamos realizando el \u00faltimo ensayo para lo que va a ser el corso con el cual vamos a celebrar nuestro cuarto aniversario.<\/p>\n<p>En la oportunidad, participar\u00e1n aproximadamente 80 chicos y 15 integrantes de la percusi\u00f3n que nos acompa\u00f1an. La murga est\u00e1 integrada por ni\u00f1os desde los 4 a\u00f1os de edad hasta adultos de 50 y 60 a\u00f1os, ya que todos los que quieran participar son bienvenido.<\/p>\n<p>Tambi\u00e9n tenemos chicos con capacidades diferentes, no hacemos diferencia con nadie. Incluso los padres y hermanos de los m\u00e1s peque\u00f1os colaboran en los ensayos y en los encuentros como el que vamos a tener el s\u00e1bado\u201d.<\/p>\n<p>El encuentro ser\u00e1 con entrada libre y gratuita, este s\u00e1bado 31 de enero, desde las 20, en el Patin\u00f3dromo Municipal. Esto no ser\u00eda posible sin la ayuda del Intendente Roger Nediani, que siempre apuesta por la cultura y expresiones art\u00edsticas como las murgas y comparsas\u201d.<\/p>\n<p>En este sentido, el municipio bande\u00f1o deja la invitaci\u00f3n abierta para todos los vecinos que deseen concurrir de manera gratuita a este colorido e imponente evento que forma parte de las propuestas impulsadas para disfrutar a pleno las vacaciones de verano.<\/p>\n","protected":false},"excerpt":{"rendered":"<p>La Municipalidad de La Banda acompa\u00f1ar\u00e1 la celebraci\u00f3n del cuarto aniversario de la \u201cMurga Los Gloriosos de La Banda\u201d que tendr\u00e1 lugar en las instalaciones del Patin\u00f3dromo Municipal el pr\u00f3ximo&hellip; <\/p>\n","protected":false},"author":1,"featured_media":65710,"comment_status":"closed","ping_status":"closed","sticky":false,"template":"","format":"standard","meta":{"footnotes":""},"categories":[9],"tags":[],"class_list":["post-65709","post","type-post","status-publish","format-standard","has-post-thumbnail","hentry","category-la-banda"],"_links":{"self":[{"href":"http:\/\/elurbanoweb.com.ar\/diario\/wp-json\/wp\/v2\/posts\/65709","targetHints":{"allow":["GET"]}}],"collection":[{"href":"http:\/\/elurbanoweb.com.ar\/diario\/wp-json\/wp\/v2\/posts"}],"about":[{"href":"http:\/\/elurbanoweb.com.ar\/diario\/wp-json\/wp\/v2\/types\/post"}],"author":[{"embeddable":true,"href":"http:\/\/elurbanoweb.com.ar\/diario\/wp-json\/wp\/v2\/users\/1"}],"replies":[{"embeddable":true,"href":"http:\/\/elurbanoweb.com.ar\/diario\/wp-json\/wp\/v2\/comments?post=65709"}],"version-history":[{"count":1,"href":"http:\/\/elurbanoweb.com.ar\/diario\/wp-json\/wp\/v2\/posts\/65709\/revisions"}],"predecessor-version":[{"id":65711,"href":"http:\/\/elurbanoweb.com.ar\/diario\/wp-json\/wp\/v2\/posts\/65709\/revisions\/65711"}],"wp:featuredmedia":[{"embeddable":true,"href":"http:\/\/elurbanoweb.com.ar\/diario\/wp-json\/wp\/v2\/media\/65710"}],"wp:attachment":[{"href":"http:\/\/elurbanoweb.com.ar\/diario\/wp-json\/wp\/v2\/media?parent=65709"}],"wp:term":[{"taxonomy":"category","embeddable":true,"href":"http:\/\/elurbanoweb.com.ar\/diario\/wp-json\/wp\/v2\/categories?post=65709"},{"taxonomy":"post_tag","embeddable":true,"href":"http:\/\/elurbanoweb.com.ar\/diario\/wp-json\/wp\/v2\/tags?post=65709"}],"curies":[{"name":"wp","href":"https:\/\/api.w.org\/{rel}","templated":true}]}}