{"id":65712,"date":"2026-01-31T09:54:21","date_gmt":"2026-01-31T12:54:21","guid":{"rendered":"https:\/\/elurbanoweb.com.ar\/diario\/?p=65712"},"modified":"2026-01-31T09:54:21","modified_gmt":"2026-01-31T12:54:21","slug":"nediani-solicito-el-compromiso-de-los-vecinos-para-el-mantenimiento-de-la-limpieza-de-la-ciudad","status":"publish","type":"post","link":"http:\/\/elurbanoweb.com.ar\/diario\/nediani-solicito-el-compromiso-de-los-vecinos-para-el-mantenimiento-de-la-limpieza-de-la-ciudad\/","title":{"rendered":"Nediani solicit\u00f3 el compromiso de los vecinos para el mantenimiento de la limpieza de la ciudad"},"content":{"rendered":"<p>El intendente de la ciudad de La Banda, Ing. Roger El\u00edas Nediani, particip\u00f3 de un operativo integral de desmalezamiento y limpieza que se desarrolla de manera diaria en distintos sectores de la ciudad, con el objetivo de garantizar mejores condiciones ambientales y de salubridad para los vecinos bande\u00f1os.<\/p>\n<p><img loading=\"lazy\" decoding=\"async\" class=\"alignnone wp-image-65713 size-full\" src=\"http:\/\/elurbanoweb.com.ar\/diario\/wp-content\/uploads\/2026\/01\/compromiso1.jpg\" alt=\"\" width=\"1010\" height=\"567\" srcset=\"http:\/\/elurbanoweb.com.ar\/diario\/wp-content\/uploads\/2026\/01\/compromiso1.jpg 1010w, http:\/\/elurbanoweb.com.ar\/diario\/wp-content\/uploads\/2026\/01\/compromiso1-300x168.jpg 300w, http:\/\/elurbanoweb.com.ar\/diario\/wp-content\/uploads\/2026\/01\/compromiso1-150x84.jpg 150w\" sizes=\"auto, (max-width: 1010px) 100vw, 1010px\" \/><\/p>\n<p><!--more--><\/p>\n<p>Durante la jornada, los trabajos comenzaron en horas tempranas en el barrio Independencia y continuaron en la intersecci\u00f3n de las calles Necochea y Antenor \u00c1lvarez, donde se despleg\u00f3 un importante operativo a cargo de la Secretar\u00eda de Servicios P\u00fablicos. Del mismo participaron directores, responsables de \u00e1reas, personal operativo e inspectores municipales, utilizando camiones volcadores, palas cargadoras, desmalezadoras y otros recursos log\u00edsticos.<\/p>\n<p>En ese contexto, el jefe comunal remarc\u00f3 que se trata de tareas que implican un alto costo para el municipio, ya que demandan maquinaria pesada, combustible y recursos humanos, muchas veces en propiedades privadas.<\/p>\n<p>Al respecto, Nediani, se\u00f1al\u00f3: \u201cHacemos este esfuerzo porque queremos una ciudad limpia, ordenada y con buenos accesos, pero tambi\u00e9n es fundamental que los vecinos cuiden estos trabajos, ya que los recursos que utiliza el municipio son de todos los bande\u00f1os\u201d, expres\u00f3.<\/p>\n<p>Asimismo, el intendente solicit\u00f3 la colaboraci\u00f3n de la comunidad para respetar los horarios de recolecci\u00f3n de residuos y evitar la formaci\u00f3n de minibasurales, los cuales no solo afectan la imagen urbana sino que representan un riesgo para la salud p\u00fablica.<\/p>\n<p>Nediani tambi\u00e9n destac\u00f3 el trabajo del personal municipal, especialmente en \u00e9pocas estivales, se\u00f1alando que desde el 25 de diciembre hasta el 28 de enero se registraron m\u00e1s de 300 mil\u00edmetros de lluvia, lo que representa el 60% de la media anual en apenas 30 d\u00edas, favoreciendo el r\u00e1pido crecimiento de la maleza. \u201cEsto requiere un esfuerzo mayor y un trabajo constante\u201d, sostuvo.<\/p>\n<p>Finalmente, agradeci\u00f3 especialmente al personal de la Secretar\u00eda de Servicios P\u00fablicos, la Direcci\u00f3n de Higiene, Parques y Paseos y a los inspectores de Calidad de Vida, resaltando el compromiso de los trabajadores municipales que desempe\u00f1an sus tareas a diario, incluso bajo condiciones clim\u00e1ticas adversas, y pidi\u00f3 a la comunidad respeto y acompa\u00f1amiento para seguir construyendo una ciudad m\u00e1s limpia y saludable.<\/p>\n","protected":false},"excerpt":{"rendered":"<p>El intendente de la ciudad de La Banda, Ing. Roger El\u00edas Nediani, particip\u00f3 de un operativo integral de desmalezamiento y limpieza que se desarrolla de manera diaria en distintos sectores&hellip; <\/p>\n","protected":false},"author":1,"featured_media":65713,"comment_status":"closed","ping_status":"closed","sticky":false,"template":"","format":"standard","meta":{"footnotes":""},"categories":[9],"tags":[],"class_list":["post-65712","post","type-post","status-publish","format-standard","has-post-thumbnail","hentry","category-la-banda"],"_links":{"self":[{"href":"http:\/\/elurbanoweb.com.ar\/diario\/wp-json\/wp\/v2\/posts\/65712","targetHints":{"allow":["GET"]}}],"collection":[{"href":"http:\/\/elurbanoweb.com.ar\/diario\/wp-json\/wp\/v2\/posts"}],"about":[{"href":"http:\/\/elurbanoweb.com.ar\/diario\/wp-json\/wp\/v2\/types\/post"}],"author":[{"embeddable":true,"href":"http:\/\/elurbanoweb.com.ar\/diario\/wp-json\/wp\/v2\/users\/1"}],"replies":[{"embeddable":true,"href":"http:\/\/elurbanoweb.com.ar\/diario\/wp-json\/wp\/v2\/comments?post=65712"}],"version-history":[{"count":1,"href":"http:\/\/elurbanoweb.com.ar\/diario\/wp-json\/wp\/v2\/posts\/65712\/revisions"}],"predecessor-version":[{"id":65714,"href":"http:\/\/elurbanoweb.com.ar\/diario\/wp-json\/wp\/v2\/posts\/65712\/revisions\/65714"}],"wp:featuredmedia":[{"embeddable":true,"href":"http:\/\/elurbanoweb.com.ar\/diario\/wp-json\/wp\/v2\/media\/65713"}],"wp:attachment":[{"href":"http:\/\/elurbanoweb.com.ar\/diario\/wp-json\/wp\/v2\/media?parent=65712"}],"wp:term":[{"taxonomy":"category","embeddable":true,"href":"http:\/\/elurbanoweb.com.ar\/diario\/wp-json\/wp\/v2\/categories?post=65712"},{"taxonomy":"post_tag","embeddable":true,"href":"http:\/\/elurbanoweb.com.ar\/diario\/wp-json\/wp\/v2\/tags?post=65712"}],"curies":[{"name":"wp","href":"https:\/\/api.w.org\/{rel}","templated":true}]}}